{"id":3246,"date":"2017-04-27T17:46:21","date_gmt":"2017-04-27T17:46:21","guid":{"rendered":"http:\/\/www.lamanchette.be\/main\/?p=3246"},"modified":"2017-04-27T17:46:21","modified_gmt":"2017-04-27T17:46:21","slug":"le-gaz-vers-leurope-le-plus-gros-moyen-de-pression-de-la-turquie","status":"publish","type":"post","link":"https:\/\/www.lamanchette.be\/main\/le-gaz-vers-leurope-le-plus-gros-moyen-de-pression-de-la-turquie\/","title":{"rendered":"Le gaz vers l\u2019Europe: le plus gros moyen de pression de la Turquie !"},"content":{"rendered":"<p><span style=\"font-family: Calibri;\"><span style=\"color: #000000;\">Consid\u00e9r\u00e9 comme le plus long et le plus profond gazoduc sous-marin du monde, cette installation reliant la M\u00e9diterran\u00e9e orientale au sud de l\u2019Europe n\u00e9cessitera un budget global de 6,2 milliards de dollars (5,8 milliards d\u2019euros), mais contribuera \u00e0 limiter la d\u00e9pendance \u00e0 l\u2019\u00e9gard du pipeline Nord Stream via la Russie, au profit du gaz issu des gisements aux larges des c\u00f4tes chypriotes et isra\u00e9liennes. \u00ab\u00a0<i>Le flux nord est un pipeline (qui) n\u2019ajoute rien \u00e0 la s\u00e9curit\u00e9 d\u2019approvisionnement<\/i><\/span><span style=\"color: #000000;\">\u00a0\u00bb et \u00ab\u00a0<\/span><i><span style=\"color: #000000;\">Chypre et Isra\u00ebl sont des fournisseurs tr\u00e8s fiables<\/span><\/i><span style=\"color: #000000;\">\u00a0\u00bb, explique Miguel Arias Canete. <\/span><\/span><\/p>\n<p><span style=\"color: #000000; font-family: Calibri;\">Les r\u00e9serves de gaz et de p\u00e9trole dans la r\u00e9gion sont potentiellement consid\u00e9rables. Le petit Etat du Proche-Orient a mis au jour jusqu\u2019\u00e0 pr\u00e9sent plus de 900 milliards de m\u00e8tres cubes de gaz naturel et les nouvelles r\u00e9serves d\u00e9couvertes pourraient atteindre pr\u00e8s 2.200 milliards de m\u00e8tres cubes, et 6,6 millions de barils de brut. D\u2019autres gisements de gaz ont \u00e9galement \u00e9t\u00e9 d\u00e9couverts au large de Chypre, et l\u2019\u00eele m\u00e9diterran\u00e9enne a d\u2019ores et d\u00e9j\u00e0 autoris\u00e9 des compagnies d\u2019hydrocarbures \u00e0 mener des explorations suppl\u00e9mentaires.<\/span><\/p>\n<p><span style=\"color: #000000; font-family: Calibri;\">Les \u00e9tudes de faisabilit\u00e9 de ce nouveau pipeline ont \u00e9t\u00e9 achev\u00e9es, mais le d\u00e9veloppement du projet ne devrait pas commencer avant plusieurs ann\u00e9es, pour une mise en service possible dans le meilleur des cas aux alentours de 2025. <\/span><\/p>\n<p><span style=\"color: #000000; font-family: Calibri;\">Et, c\u2019est \u00e9ventuellement \u00e0 cause du co\u00fbt pour l\u2019exploitation technique de ces gisements (on parle du 3 km de profondeur\u00a0!) que le projet l\u2019aboutissement de ce projet devient une affaire p\u00e9rilleuse. A ce co\u00fbt d\u00e9passant toute estimation normale, s\u2019ajoute la concurrence avec le prix du gaz russe qui pourrait envoyer le projet directement aux oubliettes. <\/span><\/p>\n<p><span style=\"color: #000000; font-family: Calibri;\">En effet, le gaz russe sera consid\u00e9r\u00e9 comme \u00ab\u00a0bon march\u00e9\u00a0\u00bb par rapport \u00e0 toute cette m\u00e9ga-infrastructure dont le prix sera \u00e9videmment factur\u00e9 aux clients finaux que sont les europ\u00e9ens. <\/span><\/p>\n<p><span style=\"color: #000000; font-family: Calibri;\">Enfin, outre ce projet de gazoduc marin, Isra\u00ebl travaille actuellement sur toutes les voies possibles pour atteindre l\u2019Europe, et l\u2019option turque semble \u00e9galement privil\u00e9gi\u00e9e au regard de son faible co\u00fbt. <\/span><\/p>\n<p><span style=\"font-family: Calibri;\"><span style=\"color: #000000;\">Du point de vue d\u2019Isra\u00ebl, acheminer du gaz vers l\u2019Europe \u00e0 travers la Turquie serait en effet le chemin le plus rentable, et les deux pays ont entam\u00e9 fin 2016 des pourparlers relatifs \u00e0 la construction d\u2019un nouveau gazoduc reliant Isra\u00ebl et la Turquie. \u00ab\u00a0<i>Les deux pays ont d\u00e9cid\u00e9 d\u2019entamer imm\u00e9diatement un dialogue (\u2026) dans le but d\u2019examiner la possibilit\u00e9 et la faisabilit\u00e9 d\u2019un tel projet (qui) pourrait nous permettre d\u2019acheminer du gaz naturel d\u2019Isra\u00ebl vers la Turquie, et \u00e0 travers la Turquie vers l\u2019Europe<\/i><\/span><span style=\"color: #000000;\">\u00a0\u00bb, expliquait alors le ministre isra\u00e9lien de l\u2019Energie Yuval Steinitz dans un reportage donn\u00e9 au site lenergeek.com<\/span><\/span><\/p>\n<p><span style=\"color: #000000; font-family: Calibri;\">Erkan Ozdemir \/ La Manchette<\/span><\/p>\n","protected":false},"excerpt":{"rendered":"<p>Consid\u00e9r\u00e9 comme le plus long et le plus profond gazoduc sous-marin du monde, cette installation reliant la M\u00e9diterran\u00e9e orientale au<\/p>\n","protected":false},"author":3,"featured_media":3247,"comment_status":"open","ping_status":"open","sticky":false,"template":"","format":"standard","meta":{"colormag_page_container_layout":"default_layout","colormag_page_sidebar_layout":"default_layout","footnotes":""},"categories":[10,8,4,7],"tags":[2639,669],"class_list":["post-3246","post","type-post","status-publish","format-standard","has-post-thumbnail","hentry","category-agenda","category-cultures","category-economie","category-europe","tag-gaz-russe","tag-turquie-ue"],"yoast_head":"<!-- This site is optimized with the Yoast SEO plugin v28.4 - https:\/\/yoast.com\/product\/yoast-seo-wordpress\/ -->\n<title>Le gaz vers l\u2019Europe: le plus gros moyen de pression de la Turquie ! - La Manchette.be<\/title>\n<meta name=\"robots\" content=\"index, follow, max-snippet:-1, max-image-preview:large, max-video-preview:-1\" \/>\n<link rel=\"canonical\" href=\"https:\/\/www.lamanchette.be\/main\/le-gaz-vers-leurope-le-plus-gros-moyen-de-pression-de-la-turquie\/\" \/>\n<meta property=\"og:locale\" content=\"fr_FR\" \/>\n<meta property=\"og:type\" content=\"article\" \/>\n<meta property=\"og:title\" content=\"Le gaz vers l\u2019Europe: le plus gros moyen de pression de la Turquie ! - La Manchette.be\" \/>\n<meta property=\"og:description\" content=\"Consid\u00e9r\u00e9 comme le plus long et le plus profond gazoduc sous-marin du monde, cette installation reliant la M\u00e9diterran\u00e9e orientale au\" \/>\n<meta property=\"og:url\" content=\"https:\/\/www.lamanchette.be\/main\/le-gaz-vers-leurope-le-plus-gros-moyen-de-pression-de-la-turquie\/\" \/>\n<meta property=\"og:site_name\" content=\"La Manchette.be\" \/>\n<meta property=\"article:publisher\" content=\"https:\/\/www.facebook.com\/lamanchette.be\/\" \/>\n<meta property=\"article:author\" content=\"https:\/\/www.facebook.com\/profile.php?id=100008475673376&amp;ref=bookmarks\" \/>\n<meta property=\"article:published_time\" content=\"2017-04-27T17:46:21+00:00\" \/>\n<meta property=\"og:image\" content=\"https:\/\/www.lamanchette.be\/main\/wp-content\/uploads\/2017\/04\/Turkish-Stream-20151202-1728x800_c.jpg\" \/>\n\t<meta property=\"og:image:width\" content=\"1728\" \/>\n\t<meta property=\"og:image:height\" content=\"800\" \/>\n\t<meta property=\"og:image:type\" content=\"image\/jpeg\" \/>\n<meta name=\"author\" content=\"erkan ozdemir\" \/>\n<meta name=\"twitter:card\" content=\"summary_large_image\" \/>\n<meta name=\"twitter:label1\" content=\"\u00c9crit par\" \/>\n\t<meta name=\"twitter:data1\" content=\"erkan ozdemir\" \/>\n\t<meta name=\"twitter:label2\" content=\"Dur\u00e9e de lecture estim\u00e9e\" \/>\n\t<meta name=\"twitter:data2\" content=\"2 minutes\" \/>\n<script type=\"application\/ld+json\" class=\"yoast-schema-graph\">{\"@context\":\"https:\\\/\\\/schema.org\",\"@graph\":[{\"@type\":\"Article\",\"@id\":\"https:\\\/\\\/www.lamanchette.be\\\/main\\\/le-gaz-vers-leurope-le-plus-gros-moyen-de-pression-de-la-turquie\\\/#article\",\"isPartOf\":{\"@id\":\"https:\\\/\\\/www.lamanchette.be\\\/main\\\/le-gaz-vers-leurope-le-plus-gros-moyen-de-pression-de-la-turquie\\\/\"},\"author\":{\"name\":\"erkan ozdemir\",\"@id\":\"https:\\\/\\\/www.lamanchette.be\\\/main\\\/#\\\/schema\\\/person\\\/a7c51ee1e6ff7a2aef02bb01888816a4\"},\"headline\":\"Le gaz vers l\u2019Europe: le plus gros moyen de pression de la Turquie !\",\"datePublished\":\"2017-04-27T17:46:21+00:00\",\"mainEntityOfPage\":{\"@id\":\"https:\\\/\\\/www.lamanchette.be\\\/main\\\/le-gaz-vers-leurope-le-plus-gros-moyen-de-pression-de-la-turquie\\\/\"},\"wordCount\":496,\"commentCount\":0,\"publisher\":{\"@id\":\"https:\\\/\\\/www.lamanchette.be\\\/main\\\/#organization\"},\"image\":{\"@id\":\"https:\\\/\\\/www.lamanchette.be\\\/main\\\/le-gaz-vers-leurope-le-plus-gros-moyen-de-pression-de-la-turquie\\\/#primaryimage\"},\"thumbnailUrl\":\"https:\\\/\\\/www.lamanchette.be\\\/main\\\/wp-content\\\/uploads\\\/2017\\\/04\\\/Turkish-Stream-20151202-1728x800_c.jpg\",\"keywords\":[\"gaz russe\",\"turquie ue\"],\"articleSection\":[\"Agenda\",\"Cultures\",\"Economie\",\"Europe\"],\"inLanguage\":\"fr-FR\",\"potentialAction\":[{\"@type\":\"CommentAction\",\"name\":\"Comment\",\"target\":[\"https:\\\/\\\/www.lamanchette.be\\\/main\\\/le-gaz-vers-leurope-le-plus-gros-moyen-de-pression-de-la-turquie\\\/#respond\"]}]},{\"@type\":\"WebPage\",\"@id\":\"https:\\\/\\\/www.lamanchette.be\\\/main\\\/le-gaz-vers-leurope-le-plus-gros-moyen-de-pression-de-la-turquie\\\/\",\"url\":\"https:\\\/\\\/www.lamanchette.be\\\/main\\\/le-gaz-vers-leurope-le-plus-gros-moyen-de-pression-de-la-turquie\\\/\",\"name\":\"Le gaz vers l\u2019Europe: le plus gros moyen de pression de la Turquie ! - La Manchette.be\",\"isPartOf\":{\"@id\":\"https:\\\/\\\/www.lamanchette.be\\\/main\\\/#website\"},\"primaryImageOfPage\":{\"@id\":\"https:\\\/\\\/www.lamanchette.be\\\/main\\\/le-gaz-vers-leurope-le-plus-gros-moyen-de-pression-de-la-turquie\\\/#primaryimage\"},\"image\":{\"@id\":\"https:\\\/\\\/www.lamanchette.be\\\/main\\\/le-gaz-vers-leurope-le-plus-gros-moyen-de-pression-de-la-turquie\\\/#primaryimage\"},\"thumbnailUrl\":\"https:\\\/\\\/www.lamanchette.be\\\/main\\\/wp-content\\\/uploads\\\/2017\\\/04\\\/Turkish-Stream-20151202-1728x800_c.jpg\",\"datePublished\":\"2017-04-27T17:46:21+00:00\",\"breadcrumb\":{\"@id\":\"https:\\\/\\\/www.lamanchette.be\\\/main\\\/le-gaz-vers-leurope-le-plus-gros-moyen-de-pression-de-la-turquie\\\/#breadcrumb\"},\"inLanguage\":\"fr-FR\",\"potentialAction\":[{\"@type\":\"ReadAction\",\"target\":[\"https:\\\/\\\/www.lamanchette.be\\\/main\\\/le-gaz-vers-leurope-le-plus-gros-moyen-de-pression-de-la-turquie\\\/\"]}]},{\"@type\":\"ImageObject\",\"inLanguage\":\"fr-FR\",\"@id\":\"https:\\\/\\\/www.lamanchette.be\\\/main\\\/le-gaz-vers-leurope-le-plus-gros-moyen-de-pression-de-la-turquie\\\/#primaryimage\",\"url\":\"https:\\\/\\\/www.lamanchette.be\\\/main\\\/wp-content\\\/uploads\\\/2017\\\/04\\\/Turkish-Stream-20151202-1728x800_c.jpg\",\"contentUrl\":\"https:\\\/\\\/www.lamanchette.be\\\/main\\\/wp-content\\\/uploads\\\/2017\\\/04\\\/Turkish-Stream-20151202-1728x800_c.jpg\",\"width\":1728,\"height\":800},{\"@type\":\"BreadcrumbList\",\"@id\":\"https:\\\/\\\/www.lamanchette.be\\\/main\\\/le-gaz-vers-leurope-le-plus-gros-moyen-de-pression-de-la-turquie\\\/#breadcrumb\",\"itemListElement\":[{\"@type\":\"ListItem\",\"position\":1,\"name\":\"Accueil\",\"item\":\"https:\\\/\\\/www.lamanchette.be\\\/main\\\/\"},{\"@type\":\"ListItem\",\"position\":2,\"name\":\"gaz russe\",\"item\":\"https:\\\/\\\/www.lamanchette.be\\\/main\\\/tag\\\/gaz-russe\\\/\"},{\"@type\":\"ListItem\",\"position\":3,\"name\":\"Le gaz vers l\u2019Europe: le plus gros moyen de pression de la Turquie !\"}]},{\"@type\":\"WebSite\",\"@id\":\"https:\\\/\\\/www.lamanchette.be\\\/main\\\/#website\",\"url\":\"https:\\\/\\\/www.lamanchette.be\\\/main\\\/\",\"name\":\"La Manchette.be\",\"description\":\"L&#039;actualit\u00e9 en belgique sous un angle diff\u00e9rent\",\"publisher\":{\"@id\":\"https:\\\/\\\/www.lamanchette.be\\\/main\\\/#organization\"},\"potentialAction\":[{\"@type\":\"SearchAction\",\"target\":{\"@type\":\"EntryPoint\",\"urlTemplate\":\"https:\\\/\\\/www.lamanchette.be\\\/main\\\/?s={search_term_string}\"},\"query-input\":{\"@type\":\"PropertyValueSpecification\",\"valueRequired\":true,\"valueName\":\"search_term_string\"}}],\"inLanguage\":\"fr-FR\"},{\"@type\":\"Organization\",\"@id\":\"https:\\\/\\\/www.lamanchette.be\\\/main\\\/#organization\",\"name\":\"La Manchette\",\"url\":\"https:\\\/\\\/www.lamanchette.be\\\/main\\\/\",\"logo\":{\"@type\":\"ImageObject\",\"inLanguage\":\"fr-FR\",\"@id\":\"https:\\\/\\\/www.lamanchette.be\\\/main\\\/#\\\/schema\\\/logo\\\/image\\\/\",\"url\":\"https:\\\/\\\/www.lamanchette.be\\\/main\\\/wp-content\\\/uploads\\\/2019\\\/01\\\/lamanchette02-e1552859149726.jpg\",\"contentUrl\":\"https:\\\/\\\/www.lamanchette.be\\\/main\\\/wp-content\\\/uploads\\\/2019\\\/01\\\/lamanchette02-e1552859149726.jpg\",\"width\":550,\"height\":190,\"caption\":\"La Manchette\"},\"image\":{\"@id\":\"https:\\\/\\\/www.lamanchette.be\\\/main\\\/#\\\/schema\\\/logo\\\/image\\\/\"},\"sameAs\":[\"https:\\\/\\\/www.facebook.com\\\/lamanchette.be\\\/\"]},{\"@type\":\"Person\",\"@id\":\"https:\\\/\\\/www.lamanchette.be\\\/main\\\/#\\\/schema\\\/person\\\/a7c51ee1e6ff7a2aef02bb01888816a4\",\"name\":\"erkan ozdemir\",\"image\":{\"@type\":\"ImageObject\",\"inLanguage\":\"fr-FR\",\"@id\":\"https:\\\/\\\/secure.gravatar.com\\\/avatar\\\/2f26abdd87d028735314b94c4ca45fd8c3f8e97edf30f973dbfcf66cf6daeb14?s=96&d=mm&r=g\",\"url\":\"https:\\\/\\\/secure.gravatar.com\\\/avatar\\\/2f26abdd87d028735314b94c4ca45fd8c3f8e97edf30f973dbfcf66cf6daeb14?s=96&d=mm&r=g\",\"contentUrl\":\"https:\\\/\\\/secure.gravatar.com\\\/avatar\\\/2f26abdd87d028735314b94c4ca45fd8c3f8e97edf30f973dbfcf66cf6daeb14?s=96&d=mm&r=g\",\"caption\":\"erkan ozdemir\"},\"sameAs\":[\"http:\\\/\\\/www.lamanchette.be\",\"https:\\\/\\\/www.facebook.com\\\/profile.php?id=100008475673376&ref=bookmarks\"]}]}<\/script>\n<!-- \/ Yoast SEO plugin. -->","yoast_head_json":{"title":"Le gaz vers l\u2019Europe: le plus gros moyen de pression de la Turquie ! - La Manchette.be","robots":{"index":"index","follow":"follow","max-snippet":"max-snippet:-1","max-image-preview":"max-image-preview:large","max-video-preview":"max-video-preview:-1"},"canonical":"https:\/\/www.lamanchette.be\/main\/le-gaz-vers-leurope-le-plus-gros-moyen-de-pression-de-la-turquie\/","og_locale":"fr_FR","og_type":"article","og_title":"Le gaz vers l\u2019Europe: le plus gros moyen de pression de la Turquie ! - La Manchette.be","og_description":"Consid\u00e9r\u00e9 comme le plus long et le plus profond gazoduc sous-marin du monde, cette installation reliant la M\u00e9diterran\u00e9e orientale au","og_url":"https:\/\/www.lamanchette.be\/main\/le-gaz-vers-leurope-le-plus-gros-moyen-de-pression-de-la-turquie\/","og_site_name":"La Manchette.be","article_publisher":"https:\/\/www.facebook.com\/lamanchette.be\/","article_author":"https:\/\/www.facebook.com\/profile.php?id=100008475673376&ref=bookmarks","article_published_time":"2017-04-27T17:46:21+00:00","og_image":[{"width":1728,"height":800,"url":"https:\/\/www.lamanchette.be\/main\/wp-content\/uploads\/2017\/04\/Turkish-Stream-20151202-1728x800_c.jpg","type":"image\/jpeg"}],"author":"erkan ozdemir","twitter_card":"summary_large_image","twitter_misc":{"\u00c9crit par":"erkan ozdemir","Dur\u00e9e de lecture estim\u00e9e":"2 minutes"},"schema":{"@context":"https:\/\/schema.org","@graph":[{"@type":"Article","@id":"https:\/\/www.lamanchette.be\/main\/le-gaz-vers-leurope-le-plus-gros-moyen-de-pression-de-la-turquie\/#article","isPartOf":{"@id":"https:\/\/www.lamanchette.be\/main\/le-gaz-vers-leurope-le-plus-gros-moyen-de-pression-de-la-turquie\/"},"author":{"name":"erkan ozdemir","@id":"https:\/\/www.lamanchette.be\/main\/#\/schema\/person\/a7c51ee1e6ff7a2aef02bb01888816a4"},"headline":"Le gaz vers l\u2019Europe: le plus gros moyen de pression de la Turquie !","datePublished":"2017-04-27T17:46:21+00:00","mainEntityOfPage":{"@id":"https:\/\/www.lamanchette.be\/main\/le-gaz-vers-leurope-le-plus-gros-moyen-de-pression-de-la-turquie\/"},"wordCount":496,"commentCount":0,"publisher":{"@id":"https:\/\/www.lamanchette.be\/main\/#organization"},"image":{"@id":"https:\/\/www.lamanchette.be\/main\/le-gaz-vers-leurope-le-plus-gros-moyen-de-pression-de-la-turquie\/#primaryimage"},"thumbnailUrl":"https:\/\/www.lamanchette.be\/main\/wp-content\/uploads\/2017\/04\/Turkish-Stream-20151202-1728x800_c.jpg","keywords":["gaz russe","turquie ue"],"articleSection":["Agenda","Cultures","Economie","Europe"],"inLanguage":"fr-FR","potentialAction":[{"@type":"CommentAction","name":"Comment","target":["https:\/\/www.lamanchette.be\/main\/le-gaz-vers-leurope-le-plus-gros-moyen-de-pression-de-la-turquie\/#respond"]}]},{"@type":"WebPage","@id":"https:\/\/www.lamanchette.be\/main\/le-gaz-vers-leurope-le-plus-gros-moyen-de-pression-de-la-turquie\/","url":"https:\/\/www.lamanchette.be\/main\/le-gaz-vers-leurope-le-plus-gros-moyen-de-pression-de-la-turquie\/","name":"Le gaz vers l\u2019Europe: le plus gros moyen de pression de la Turquie ! - La Manchette.be","isPartOf":{"@id":"https:\/\/www.lamanchette.be\/main\/#website"},"primaryImageOfPage":{"@id":"https:\/\/www.lamanchette.be\/main\/le-gaz-vers-leurope-le-plus-gros-moyen-de-pression-de-la-turquie\/#primaryimage"},"image":{"@id":"https:\/\/www.lamanchette.be\/main\/le-gaz-vers-leurope-le-plus-gros-moyen-de-pression-de-la-turquie\/#primaryimage"},"thumbnailUrl":"https:\/\/www.lamanchette.be\/main\/wp-content\/uploads\/2017\/04\/Turkish-Stream-20151202-1728x800_c.jpg","datePublished":"2017-04-27T17:46:21+00:00","breadcrumb":{"@id":"https:\/\/www.lamanchette.be\/main\/le-gaz-vers-leurope-le-plus-gros-moyen-de-pression-de-la-turquie\/#breadcrumb"},"inLanguage":"fr-FR","potentialAction":[{"@type":"ReadAction","target":["https:\/\/www.lamanchette.be\/main\/le-gaz-vers-leurope-le-plus-gros-moyen-de-pression-de-la-turquie\/"]}]},{"@type":"ImageObject","inLanguage":"fr-FR","@id":"https:\/\/www.lamanchette.be\/main\/le-gaz-vers-leurope-le-plus-gros-moyen-de-pression-de-la-turquie\/#primaryimage","url":"https:\/\/www.lamanchette.be\/main\/wp-content\/uploads\/2017\/04\/Turkish-Stream-20151202-1728x800_c.jpg","contentUrl":"https:\/\/www.lamanchette.be\/main\/wp-content\/uploads\/2017\/04\/Turkish-Stream-20151202-1728x800_c.jpg","width":1728,"height":800},{"@type":"BreadcrumbList","@id":"https:\/\/www.lamanchette.be\/main\/le-gaz-vers-leurope-le-plus-gros-moyen-de-pression-de-la-turquie\/#breadcrumb","itemListElement":[{"@type":"ListItem","position":1,"name":"Accueil","item":"https:\/\/www.lamanchette.be\/main\/"},{"@type":"ListItem","position":2,"name":"gaz russe","item":"https:\/\/www.lamanchette.be\/main\/tag\/gaz-russe\/"},{"@type":"ListItem","position":3,"name":"Le gaz vers l\u2019Europe: le plus gros moyen de pression de la Turquie !"}]},{"@type":"WebSite","@id":"https:\/\/www.lamanchette.be\/main\/#website","url":"https:\/\/www.lamanchette.be\/main\/","name":"La Manchette.be","description":"L&#039;actualit\u00e9 en belgique sous un angle diff\u00e9rent","publisher":{"@id":"https:\/\/www.lamanchette.be\/main\/#organization"},"potentialAction":[{"@type":"SearchAction","target":{"@type":"EntryPoint","urlTemplate":"https:\/\/www.lamanchette.be\/main\/?s={search_term_string}"},"query-input":{"@type":"PropertyValueSpecification","valueRequired":true,"valueName":"search_term_string"}}],"inLanguage":"fr-FR"},{"@type":"Organization","@id":"https:\/\/www.lamanchette.be\/main\/#organization","name":"La Manchette","url":"https:\/\/www.lamanchette.be\/main\/","logo":{"@type":"ImageObject","inLanguage":"fr-FR","@id":"https:\/\/www.lamanchette.be\/main\/#\/schema\/logo\/image\/","url":"https:\/\/www.lamanchette.be\/main\/wp-content\/uploads\/2019\/01\/lamanchette02-e1552859149726.jpg","contentUrl":"https:\/\/www.lamanchette.be\/main\/wp-content\/uploads\/2019\/01\/lamanchette02-e1552859149726.jpg","width":550,"height":190,"caption":"La Manchette"},"image":{"@id":"https:\/\/www.lamanchette.be\/main\/#\/schema\/logo\/image\/"},"sameAs":["https:\/\/www.facebook.com\/lamanchette.be\/"]},{"@type":"Person","@id":"https:\/\/www.lamanchette.be\/main\/#\/schema\/person\/a7c51ee1e6ff7a2aef02bb01888816a4","name":"erkan ozdemir","image":{"@type":"ImageObject","inLanguage":"fr-FR","@id":"https:\/\/secure.gravatar.com\/avatar\/2f26abdd87d028735314b94c4ca45fd8c3f8e97edf30f973dbfcf66cf6daeb14?s=96&d=mm&r=g","url":"https:\/\/secure.gravatar.com\/avatar\/2f26abdd87d028735314b94c4ca45fd8c3f8e97edf30f973dbfcf66cf6daeb14?s=96&d=mm&r=g","contentUrl":"https:\/\/secure.gravatar.com\/avatar\/2f26abdd87d028735314b94c4ca45fd8c3f8e97edf30f973dbfcf66cf6daeb14?s=96&d=mm&r=g","caption":"erkan ozdemir"},"sameAs":["http:\/\/www.lamanchette.be","https:\/\/www.facebook.com\/profile.php?id=100008475673376&ref=bookmarks"]}]}},"_links":{"self":[{"href":"https:\/\/www.lamanchette.be\/main\/wp-json\/wp\/v2\/posts\/3246","targetHints":{"allow":["GET"]}}],"collection":[{"href":"https:\/\/www.lamanchette.be\/main\/wp-json\/wp\/v2\/posts"}],"about":[{"href":"https:\/\/www.lamanchette.be\/main\/wp-json\/wp\/v2\/types\/post"}],"author":[{"embeddable":true,"href":"https:\/\/www.lamanchette.be\/main\/wp-json\/wp\/v2\/users\/3"}],"replies":[{"embeddable":true,"href":"https:\/\/www.lamanchette.be\/main\/wp-json\/wp\/v2\/comments?post=3246"}],"version-history":[{"count":1,"href":"https:\/\/www.lamanchette.be\/main\/wp-json\/wp\/v2\/posts\/3246\/revisions"}],"predecessor-version":[{"id":3248,"href":"https:\/\/www.lamanchette.be\/main\/wp-json\/wp\/v2\/posts\/3246\/revisions\/3248"}],"wp:featuredmedia":[{"embeddable":true,"href":"https:\/\/www.lamanchette.be\/main\/wp-json\/wp\/v2\/media\/3247"}],"wp:attachment":[{"href":"https:\/\/www.lamanchette.be\/main\/wp-json\/wp\/v2\/media?parent=3246"}],"wp:term":[{"taxonomy":"category","embeddable":true,"href":"https:\/\/www.lamanchette.be\/main\/wp-json\/wp\/v2\/categories?post=3246"},{"taxonomy":"post_tag","embeddable":true,"href":"https:\/\/www.lamanchette.be\/main\/wp-json\/wp\/v2\/tags?post=3246"}],"curies":[{"name":"wp","href":"https:\/\/api.w.org\/{rel}","templated":true}]}}