{"id":6433,"date":"2017-10-28T12:56:36","date_gmt":"2017-10-28T11:56:36","guid":{"rendered":"http:\/\/www.lamanchette.be\/main\/?p=6433"},"modified":"2017-10-28T13:08:09","modified_gmt":"2017-10-28T12:08:09","slug":"une-attaque-raciste-et-fasciste-a-vise-les-kurdes-a-anvers","status":"publish","type":"post","link":"https:\/\/www.lamanchette.be\/main\/une-attaque-raciste-et-fasciste-a-vise-les-kurdes-a-anvers\/","title":{"rendered":"Une \u00ab\u00a0attaque raciste et fasciste\u00a0\u00bb a vis\u00e9 des Turcs \u00e0 Anvers"},"content":{"rendered":"<p>A la veille\u00a0 du 94\u00e8me anniversaire de la proclamation de la R\u00e9publique turque par Mustafa Kemal Atat\u00fcrk en 1923, Un bus dans lequel se trouvaient des personnes Kurdes a perp\u00e9tr\u00e9 dans le quartier turc d &lsquo; Anvers en vue de provoquer les habitants \u00e0 forte densit\u00e9 turque avec des affiches coll\u00e9s sur les parois du bus\u00a0\u00a0dans le cadre d&rsquo;une campagne soi-disant pacifique qui tourne dans diff\u00e9rentes villes europ\u00e9ennes, pour la lib\u00e9ration d&rsquo;Abdullah \u00d6calan. Le fondateur du Parti des travailleurs du Kurdistan (PKK) est emprisonn\u00e9 en Turquie depuis 1999.<\/p>\n<p>Une vaste bagarre a \u00e9clat\u00e9 vendredi \u00e0 Anvers en d\u00e9but de soir\u00e9e\u00a0dans un quartier populaire \u00e0 majorit\u00e9\u00a0 turque a donn\u00e9 lieu \u00e0 une vaste arrestation judiciaire\u00a0de\u00a051\u00a0 personnes\u00a0 pour troubles \u00e0 l&rsquo;ordre public. La police pr\u00e9cise \u00e9galement que 8 individus ont \u00e9t\u00e9 bless\u00e9s,\u00a0parmi les victimes, un policier, atteint par une pierre.<\/p>\n<p>Voici les d\u00e9clarations du conseil des communaut\u00e9s kurdes en Belgique concernant la provocation des kurdes dans les quartiers turcs d &lsquo; Anvers avec l &lsquo; autorisation et cautionn\u00e9 par Bart De Wever , president de La Nieuw-Vlaamse Alliantie (N-VA).<\/p>\n<p><iframe width=\"800\" height=\"600\" src=\"https:\/\/www.youtube.com\/embed\/mcNbmR30K8k?start=5&#038;feature=oembed\" frameborder=\"0\" gesture=\"media\" allowfullscreen><\/iframe><\/p>\n<p>Quelles sont les remarques des partis politique Belge \u00e0 ce propos et des politiciens \u00e0 origine turque en Belgique\u00a0 ?<\/p>\n<p>En restant dans le silence, Les turcs vont \u00eatre des terroristes et les terroriste vont \u00eatre des victimes<\/p>\n<p>Reveillez vous les Politiciens ALLOOOOOOO QUOI !!!!!!<\/p>\n<div class=\"text_exposed_show\">\n<p>\u00ab\u00a0Selon NavBel, Conseil des communaut\u00e9s kurdes \u00ab\u00a0attaque raciste et fasciste\u00a0\u00bb perp\u00e9tr\u00e9e par des personnes turques.<\/p>\n<p>Une \u00ab\u00a0attaque raciste et fasciste\u00a0\u00bb a vis\u00e9 des Kurdes \u00e0 Anvers<\/p>\n<p>Selon l&rsquo;organisation, une attaque avait \u00e9t\u00e9 pr\u00e9par\u00e9e, et le bus a \u00e9t\u00e9 coinc\u00e9 par une voiture dans la Brederodestraat avant qu&rsquo;une large bande d&rsquo;individus ne s&rsquo;en prenne au groupe de Kurdes.<\/p>\n<p>\u00ab\u00a0La tourn\u00e9e en bus, les stands d&rsquo;information et les activit\u00e9s parall\u00e8les avaient fait l&rsquo;objet d&rsquo;une demande et \u00e9t\u00e9 autoris\u00e9es par les autorit\u00e9s de la Ville\u00a0\u00bb, souligne NavBel, qui parle d&rsquo;une campagne \u00ab\u00a0autoris\u00e9e\u00a0\u00bb et \u00ab\u00a0pacifique\u00a0\u00bb, qui \u00ab\u00a0s&rsquo;est d\u00e9roul\u00e9e dans toutes les villes pr\u00e9c\u00e9dentes de mani\u00e8re festive, avec de la musique et de la danse\u00a0\u00bb. \u00ab\u00a0Il est temps que les autorit\u00e9s belges se prononcent de mani\u00e8re franche contre la violence et le racisme\u00a0\u00bb qui sous-tendent des agressions comme celles de vendredi, ajoute encore NavBel.\u00a0\u00bb<\/p>\n<p>Affaire \u00e0 Suivre<\/p>\n<\/div>\n<p>Duran Kadir \/ Lamanchette<\/p>\n<p>&nbsp;<\/p>\n","protected":false},"excerpt":{"rendered":"<p>A la veille\u00a0 du 94\u00e8me anniversaire de la proclamation de la R\u00e9publique turque par Mustafa Kemal Atat\u00fcrk en 1923, Un<\/p>\n","protected":false},"author":3,"featured_media":6434,"comment_status":"open","ping_status":"open","sticky":false,"template":"","format":"standard","meta":{"colormag_page_container_layout":"default_layout","colormag_page_sidebar_layout":"default_layout","footnotes":""},"categories":[2,8,7,6],"tags":[2847],"class_list":["post-6433","post","type-post","status-publish","format-standard","has-post-thumbnail","hentry","category-belgique","category-cultures","category-europe","category-monde","tag-une-attaque-raciste-et-fasciste-a-vise-les-kurdes-a-anvers"],"yoast_head":"<!-- This site is optimized with the Yoast SEO plugin v28.4 - https:\/\/yoast.com\/product\/yoast-seo-wordpress\/ -->\n<title>Une &quot;attaque raciste et fasciste&quot; a vis\u00e9 des Turcs \u00e0 Anvers - La Manchette.be<\/title>\n<meta name=\"robots\" content=\"index, follow, max-snippet:-1, max-image-preview:large, max-video-preview:-1\" \/>\n<link rel=\"canonical\" href=\"https:\/\/www.lamanchette.be\/main\/une-attaque-raciste-et-fasciste-a-vise-les-kurdes-a-anvers\/\" \/>\n<meta property=\"og:locale\" content=\"fr_FR\" \/>\n<meta property=\"og:type\" content=\"article\" \/>\n<meta property=\"og:title\" content=\"Une &quot;attaque raciste et fasciste&quot; a vis\u00e9 des Turcs \u00e0 Anvers - La Manchette.be\" \/>\n<meta property=\"og:description\" content=\"A la veille\u00a0 du 94\u00e8me anniversaire de la proclamation de la R\u00e9publique turque par Mustafa Kemal Atat\u00fcrk en 1923, Un\" \/>\n<meta property=\"og:url\" content=\"https:\/\/www.lamanchette.be\/main\/une-attaque-raciste-et-fasciste-a-vise-les-kurdes-a-anvers\/\" \/>\n<meta property=\"og:site_name\" content=\"La Manchette.be\" \/>\n<meta property=\"article:publisher\" content=\"https:\/\/www.facebook.com\/lamanchette.be\/\" \/>\n<meta property=\"article:author\" content=\"https:\/\/www.facebook.com\/profile.php?id=100008475673376&amp;ref=bookmarks\" \/>\n<meta property=\"article:published_time\" content=\"2017-10-28T11:56:36+00:00\" \/>\n<meta property=\"article:modified_time\" content=\"2017-10-28T12:08:09+00:00\" \/>\n<meta property=\"og:image\" content=\"https:\/\/www.lamanchette.be\/main\/wp-content\/uploads\/2017\/10\/22882253_2334676673226845_144065769_o.jpg\" \/>\n\t<meta property=\"og:image:width\" content=\"750\" \/>\n\t<meta property=\"og:image:height\" content=\"1334\" \/>\n\t<meta property=\"og:image:type\" content=\"image\/jpeg\" \/>\n<meta name=\"author\" content=\"erkan ozdemir\" \/>\n<meta name=\"twitter:card\" content=\"summary_large_image\" \/>\n<meta name=\"twitter:label1\" content=\"\u00c9crit par\" \/>\n\t<meta name=\"twitter:data1\" content=\"erkan ozdemir\" \/>\n\t<meta name=\"twitter:label2\" content=\"Dur\u00e9e de lecture estim\u00e9e\" \/>\n\t<meta name=\"twitter:data2\" content=\"2 minutes\" \/>\n<script type=\"application\/ld+json\" class=\"yoast-schema-graph\">{\"@context\":\"https:\\\/\\\/schema.org\",\"@graph\":[{\"@type\":\"Article\",\"@id\":\"https:\\\/\\\/www.lamanchette.be\\\/main\\\/une-attaque-raciste-et-fasciste-a-vise-les-kurdes-a-anvers\\\/#article\",\"isPartOf\":{\"@id\":\"https:\\\/\\\/www.lamanchette.be\\\/main\\\/une-attaque-raciste-et-fasciste-a-vise-les-kurdes-a-anvers\\\/\"},\"author\":{\"name\":\"erkan ozdemir\",\"@id\":\"https:\\\/\\\/www.lamanchette.be\\\/main\\\/#\\\/schema\\\/person\\\/a7c51ee1e6ff7a2aef02bb01888816a4\"},\"headline\":\"Une \u00ab\u00a0attaque raciste et fasciste\u00a0\u00bb a vis\u00e9 des Turcs \u00e0 Anvers\",\"datePublished\":\"2017-10-28T11:56:36+00:00\",\"dateModified\":\"2017-10-28T12:08:09+00:00\",\"mainEntityOfPage\":{\"@id\":\"https:\\\/\\\/www.lamanchette.be\\\/main\\\/une-attaque-raciste-et-fasciste-a-vise-les-kurdes-a-anvers\\\/\"},\"wordCount\":419,\"commentCount\":0,\"publisher\":{\"@id\":\"https:\\\/\\\/www.lamanchette.be\\\/main\\\/#organization\"},\"image\":{\"@id\":\"https:\\\/\\\/www.lamanchette.be\\\/main\\\/une-attaque-raciste-et-fasciste-a-vise-les-kurdes-a-anvers\\\/#primaryimage\"},\"thumbnailUrl\":\"https:\\\/\\\/www.lamanchette.be\\\/main\\\/wp-content\\\/uploads\\\/2017\\\/10\\\/22882253_2334676673226845_144065769_o.jpg\",\"keywords\":[\"Une \\\"attaque raciste et fasciste\\\" a vis\u00e9 les Kurdes \u00e0 Anvers\"],\"articleSection\":[\"Belgique\",\"Cultures\",\"Europe\",\"Monde\"],\"inLanguage\":\"fr-FR\",\"potentialAction\":[{\"@type\":\"CommentAction\",\"name\":\"Comment\",\"target\":[\"https:\\\/\\\/www.lamanchette.be\\\/main\\\/une-attaque-raciste-et-fasciste-a-vise-les-kurdes-a-anvers\\\/#respond\"]}]},{\"@type\":\"WebPage\",\"@id\":\"https:\\\/\\\/www.lamanchette.be\\\/main\\\/une-attaque-raciste-et-fasciste-a-vise-les-kurdes-a-anvers\\\/\",\"url\":\"https:\\\/\\\/www.lamanchette.be\\\/main\\\/une-attaque-raciste-et-fasciste-a-vise-les-kurdes-a-anvers\\\/\",\"name\":\"Une \\\"attaque raciste et fasciste\\\" a vis\u00e9 des Turcs \u00e0 Anvers - La Manchette.be\",\"isPartOf\":{\"@id\":\"https:\\\/\\\/www.lamanchette.be\\\/main\\\/#website\"},\"primaryImageOfPage\":{\"@id\":\"https:\\\/\\\/www.lamanchette.be\\\/main\\\/une-attaque-raciste-et-fasciste-a-vise-les-kurdes-a-anvers\\\/#primaryimage\"},\"image\":{\"@id\":\"https:\\\/\\\/www.lamanchette.be\\\/main\\\/une-attaque-raciste-et-fasciste-a-vise-les-kurdes-a-anvers\\\/#primaryimage\"},\"thumbnailUrl\":\"https:\\\/\\\/www.lamanchette.be\\\/main\\\/wp-content\\\/uploads\\\/2017\\\/10\\\/22882253_2334676673226845_144065769_o.jpg\",\"datePublished\":\"2017-10-28T11:56:36+00:00\",\"dateModified\":\"2017-10-28T12:08:09+00:00\",\"breadcrumb\":{\"@id\":\"https:\\\/\\\/www.lamanchette.be\\\/main\\\/une-attaque-raciste-et-fasciste-a-vise-les-kurdes-a-anvers\\\/#breadcrumb\"},\"inLanguage\":\"fr-FR\",\"potentialAction\":[{\"@type\":\"ReadAction\",\"target\":[\"https:\\\/\\\/www.lamanchette.be\\\/main\\\/une-attaque-raciste-et-fasciste-a-vise-les-kurdes-a-anvers\\\/\"]}]},{\"@type\":\"ImageObject\",\"inLanguage\":\"fr-FR\",\"@id\":\"https:\\\/\\\/www.lamanchette.be\\\/main\\\/une-attaque-raciste-et-fasciste-a-vise-les-kurdes-a-anvers\\\/#primaryimage\",\"url\":\"https:\\\/\\\/www.lamanchette.be\\\/main\\\/wp-content\\\/uploads\\\/2017\\\/10\\\/22882253_2334676673226845_144065769_o.jpg\",\"contentUrl\":\"https:\\\/\\\/www.lamanchette.be\\\/main\\\/wp-content\\\/uploads\\\/2017\\\/10\\\/22882253_2334676673226845_144065769_o.jpg\",\"width\":750,\"height\":1334},{\"@type\":\"BreadcrumbList\",\"@id\":\"https:\\\/\\\/www.lamanchette.be\\\/main\\\/une-attaque-raciste-et-fasciste-a-vise-les-kurdes-a-anvers\\\/#breadcrumb\",\"itemListElement\":[{\"@type\":\"ListItem\",\"position\":1,\"name\":\"Accueil\",\"item\":\"https:\\\/\\\/www.lamanchette.be\\\/main\\\/\"},{\"@type\":\"ListItem\",\"position\":2,\"name\":\"Une \\\"attaque raciste et fasciste\\\" a vis\u00e9 les Kurdes \u00e0 Anvers\",\"item\":\"https:\\\/\\\/www.lamanchette.be\\\/main\\\/tag\\\/une-attaque-raciste-et-fasciste-a-vise-les-kurdes-a-anvers\\\/\"},{\"@type\":\"ListItem\",\"position\":3,\"name\":\"Une &#8220;attaque raciste et fasciste&#8221; a vis\u00e9 des Turcs \u00e0 Anvers\"}]},{\"@type\":\"WebSite\",\"@id\":\"https:\\\/\\\/www.lamanchette.be\\\/main\\\/#website\",\"url\":\"https:\\\/\\\/www.lamanchette.be\\\/main\\\/\",\"name\":\"La Manchette.be\",\"description\":\"L&#039;actualit\u00e9 en belgique sous un angle diff\u00e9rent\",\"publisher\":{\"@id\":\"https:\\\/\\\/www.lamanchette.be\\\/main\\\/#organization\"},\"potentialAction\":[{\"@type\":\"SearchAction\",\"target\":{\"@type\":\"EntryPoint\",\"urlTemplate\":\"https:\\\/\\\/www.lamanchette.be\\\/main\\\/?s={search_term_string}\"},\"query-input\":{\"@type\":\"PropertyValueSpecification\",\"valueRequired\":true,\"valueName\":\"search_term_string\"}}],\"inLanguage\":\"fr-FR\"},{\"@type\":\"Organization\",\"@id\":\"https:\\\/\\\/www.lamanchette.be\\\/main\\\/#organization\",\"name\":\"La Manchette\",\"url\":\"https:\\\/\\\/www.lamanchette.be\\\/main\\\/\",\"logo\":{\"@type\":\"ImageObject\",\"inLanguage\":\"fr-FR\",\"@id\":\"https:\\\/\\\/www.lamanchette.be\\\/main\\\/#\\\/schema\\\/logo\\\/image\\\/\",\"url\":\"https:\\\/\\\/www.lamanchette.be\\\/main\\\/wp-content\\\/uploads\\\/2019\\\/01\\\/lamanchette02-e1552859149726.jpg\",\"contentUrl\":\"https:\\\/\\\/www.lamanchette.be\\\/main\\\/wp-content\\\/uploads\\\/2019\\\/01\\\/lamanchette02-e1552859149726.jpg\",\"width\":550,\"height\":190,\"caption\":\"La Manchette\"},\"image\":{\"@id\":\"https:\\\/\\\/www.lamanchette.be\\\/main\\\/#\\\/schema\\\/logo\\\/image\\\/\"},\"sameAs\":[\"https:\\\/\\\/www.facebook.com\\\/lamanchette.be\\\/\"]},{\"@type\":\"Person\",\"@id\":\"https:\\\/\\\/www.lamanchette.be\\\/main\\\/#\\\/schema\\\/person\\\/a7c51ee1e6ff7a2aef02bb01888816a4\",\"name\":\"erkan ozdemir\",\"image\":{\"@type\":\"ImageObject\",\"inLanguage\":\"fr-FR\",\"@id\":\"https:\\\/\\\/secure.gravatar.com\\\/avatar\\\/2f26abdd87d028735314b94c4ca45fd8c3f8e97edf30f973dbfcf66cf6daeb14?s=96&d=mm&r=g\",\"url\":\"https:\\\/\\\/secure.gravatar.com\\\/avatar\\\/2f26abdd87d028735314b94c4ca45fd8c3f8e97edf30f973dbfcf66cf6daeb14?s=96&d=mm&r=g\",\"contentUrl\":\"https:\\\/\\\/secure.gravatar.com\\\/avatar\\\/2f26abdd87d028735314b94c4ca45fd8c3f8e97edf30f973dbfcf66cf6daeb14?s=96&d=mm&r=g\",\"caption\":\"erkan ozdemir\"},\"sameAs\":[\"http:\\\/\\\/www.lamanchette.be\",\"https:\\\/\\\/www.facebook.com\\\/profile.php?id=100008475673376&ref=bookmarks\"]}]}<\/script>\n<!-- \/ Yoast SEO plugin. -->","yoast_head_json":{"title":"Une \"attaque raciste et fasciste\" a vis\u00e9 des Turcs \u00e0 Anvers - La Manchette.be","robots":{"index":"index","follow":"follow","max-snippet":"max-snippet:-1","max-image-preview":"max-image-preview:large","max-video-preview":"max-video-preview:-1"},"canonical":"https:\/\/www.lamanchette.be\/main\/une-attaque-raciste-et-fasciste-a-vise-les-kurdes-a-anvers\/","og_locale":"fr_FR","og_type":"article","og_title":"Une \"attaque raciste et fasciste\" a vis\u00e9 des Turcs \u00e0 Anvers - La Manchette.be","og_description":"A la veille\u00a0 du 94\u00e8me anniversaire de la proclamation de la R\u00e9publique turque par Mustafa Kemal Atat\u00fcrk en 1923, Un","og_url":"https:\/\/www.lamanchette.be\/main\/une-attaque-raciste-et-fasciste-a-vise-les-kurdes-a-anvers\/","og_site_name":"La Manchette.be","article_publisher":"https:\/\/www.facebook.com\/lamanchette.be\/","article_author":"https:\/\/www.facebook.com\/profile.php?id=100008475673376&ref=bookmarks","article_published_time":"2017-10-28T11:56:36+00:00","article_modified_time":"2017-10-28T12:08:09+00:00","og_image":[{"width":750,"height":1334,"url":"https:\/\/www.lamanchette.be\/main\/wp-content\/uploads\/2017\/10\/22882253_2334676673226845_144065769_o.jpg","type":"image\/jpeg"}],"author":"erkan ozdemir","twitter_card":"summary_large_image","twitter_misc":{"\u00c9crit par":"erkan ozdemir","Dur\u00e9e de lecture estim\u00e9e":"2 minutes"},"schema":{"@context":"https:\/\/schema.org","@graph":[{"@type":"Article","@id":"https:\/\/www.lamanchette.be\/main\/une-attaque-raciste-et-fasciste-a-vise-les-kurdes-a-anvers\/#article","isPartOf":{"@id":"https:\/\/www.lamanchette.be\/main\/une-attaque-raciste-et-fasciste-a-vise-les-kurdes-a-anvers\/"},"author":{"name":"erkan ozdemir","@id":"https:\/\/www.lamanchette.be\/main\/#\/schema\/person\/a7c51ee1e6ff7a2aef02bb01888816a4"},"headline":"Une \u00ab\u00a0attaque raciste et fasciste\u00a0\u00bb a vis\u00e9 des Turcs \u00e0 Anvers","datePublished":"2017-10-28T11:56:36+00:00","dateModified":"2017-10-28T12:08:09+00:00","mainEntityOfPage":{"@id":"https:\/\/www.lamanchette.be\/main\/une-attaque-raciste-et-fasciste-a-vise-les-kurdes-a-anvers\/"},"wordCount":419,"commentCount":0,"publisher":{"@id":"https:\/\/www.lamanchette.be\/main\/#organization"},"image":{"@id":"https:\/\/www.lamanchette.be\/main\/une-attaque-raciste-et-fasciste-a-vise-les-kurdes-a-anvers\/#primaryimage"},"thumbnailUrl":"https:\/\/www.lamanchette.be\/main\/wp-content\/uploads\/2017\/10\/22882253_2334676673226845_144065769_o.jpg","keywords":["Une \"attaque raciste et fasciste\" a vis\u00e9 les Kurdes \u00e0 Anvers"],"articleSection":["Belgique","Cultures","Europe","Monde"],"inLanguage":"fr-FR","potentialAction":[{"@type":"CommentAction","name":"Comment","target":["https:\/\/www.lamanchette.be\/main\/une-attaque-raciste-et-fasciste-a-vise-les-kurdes-a-anvers\/#respond"]}]},{"@type":"WebPage","@id":"https:\/\/www.lamanchette.be\/main\/une-attaque-raciste-et-fasciste-a-vise-les-kurdes-a-anvers\/","url":"https:\/\/www.lamanchette.be\/main\/une-attaque-raciste-et-fasciste-a-vise-les-kurdes-a-anvers\/","name":"Une \"attaque raciste et fasciste\" a vis\u00e9 des Turcs \u00e0 Anvers - La Manchette.be","isPartOf":{"@id":"https:\/\/www.lamanchette.be\/main\/#website"},"primaryImageOfPage":{"@id":"https:\/\/www.lamanchette.be\/main\/une-attaque-raciste-et-fasciste-a-vise-les-kurdes-a-anvers\/#primaryimage"},"image":{"@id":"https:\/\/www.lamanchette.be\/main\/une-attaque-raciste-et-fasciste-a-vise-les-kurdes-a-anvers\/#primaryimage"},"thumbnailUrl":"https:\/\/www.lamanchette.be\/main\/wp-content\/uploads\/2017\/10\/22882253_2334676673226845_144065769_o.jpg","datePublished":"2017-10-28T11:56:36+00:00","dateModified":"2017-10-28T12:08:09+00:00","breadcrumb":{"@id":"https:\/\/www.lamanchette.be\/main\/une-attaque-raciste-et-fasciste-a-vise-les-kurdes-a-anvers\/#breadcrumb"},"inLanguage":"fr-FR","potentialAction":[{"@type":"ReadAction","target":["https:\/\/www.lamanchette.be\/main\/une-attaque-raciste-et-fasciste-a-vise-les-kurdes-a-anvers\/"]}]},{"@type":"ImageObject","inLanguage":"fr-FR","@id":"https:\/\/www.lamanchette.be\/main\/une-attaque-raciste-et-fasciste-a-vise-les-kurdes-a-anvers\/#primaryimage","url":"https:\/\/www.lamanchette.be\/main\/wp-content\/uploads\/2017\/10\/22882253_2334676673226845_144065769_o.jpg","contentUrl":"https:\/\/www.lamanchette.be\/main\/wp-content\/uploads\/2017\/10\/22882253_2334676673226845_144065769_o.jpg","width":750,"height":1334},{"@type":"BreadcrumbList","@id":"https:\/\/www.lamanchette.be\/main\/une-attaque-raciste-et-fasciste-a-vise-les-kurdes-a-anvers\/#breadcrumb","itemListElement":[{"@type":"ListItem","position":1,"name":"Accueil","item":"https:\/\/www.lamanchette.be\/main\/"},{"@type":"ListItem","position":2,"name":"Une \"attaque raciste et fasciste\" a vis\u00e9 les Kurdes \u00e0 Anvers","item":"https:\/\/www.lamanchette.be\/main\/tag\/une-attaque-raciste-et-fasciste-a-vise-les-kurdes-a-anvers\/"},{"@type":"ListItem","position":3,"name":"Une &#8220;attaque raciste et fasciste&#8221; a vis\u00e9 des Turcs \u00e0 Anvers"}]},{"@type":"WebSite","@id":"https:\/\/www.lamanchette.be\/main\/#website","url":"https:\/\/www.lamanchette.be\/main\/","name":"La Manchette.be","description":"L&#039;actualit\u00e9 en belgique sous un angle diff\u00e9rent","publisher":{"@id":"https:\/\/www.lamanchette.be\/main\/#organization"},"potentialAction":[{"@type":"SearchAction","target":{"@type":"EntryPoint","urlTemplate":"https:\/\/www.lamanchette.be\/main\/?s={search_term_string}"},"query-input":{"@type":"PropertyValueSpecification","valueRequired":true,"valueName":"search_term_string"}}],"inLanguage":"fr-FR"},{"@type":"Organization","@id":"https:\/\/www.lamanchette.be\/main\/#organization","name":"La Manchette","url":"https:\/\/www.lamanchette.be\/main\/","logo":{"@type":"ImageObject","inLanguage":"fr-FR","@id":"https:\/\/www.lamanchette.be\/main\/#\/schema\/logo\/image\/","url":"https:\/\/www.lamanchette.be\/main\/wp-content\/uploads\/2019\/01\/lamanchette02-e1552859149726.jpg","contentUrl":"https:\/\/www.lamanchette.be\/main\/wp-content\/uploads\/2019\/01\/lamanchette02-e1552859149726.jpg","width":550,"height":190,"caption":"La Manchette"},"image":{"@id":"https:\/\/www.lamanchette.be\/main\/#\/schema\/logo\/image\/"},"sameAs":["https:\/\/www.facebook.com\/lamanchette.be\/"]},{"@type":"Person","@id":"https:\/\/www.lamanchette.be\/main\/#\/schema\/person\/a7c51ee1e6ff7a2aef02bb01888816a4","name":"erkan ozdemir","image":{"@type":"ImageObject","inLanguage":"fr-FR","@id":"https:\/\/secure.gravatar.com\/avatar\/2f26abdd87d028735314b94c4ca45fd8c3f8e97edf30f973dbfcf66cf6daeb14?s=96&d=mm&r=g","url":"https:\/\/secure.gravatar.com\/avatar\/2f26abdd87d028735314b94c4ca45fd8c3f8e97edf30f973dbfcf66cf6daeb14?s=96&d=mm&r=g","contentUrl":"https:\/\/secure.gravatar.com\/avatar\/2f26abdd87d028735314b94c4ca45fd8c3f8e97edf30f973dbfcf66cf6daeb14?s=96&d=mm&r=g","caption":"erkan ozdemir"},"sameAs":["http:\/\/www.lamanchette.be","https:\/\/www.facebook.com\/profile.php?id=100008475673376&ref=bookmarks"]}]}},"_links":{"self":[{"href":"https:\/\/www.lamanchette.be\/main\/wp-json\/wp\/v2\/posts\/6433","targetHints":{"allow":["GET"]}}],"collection":[{"href":"https:\/\/www.lamanchette.be\/main\/wp-json\/wp\/v2\/posts"}],"about":[{"href":"https:\/\/www.lamanchette.be\/main\/wp-json\/wp\/v2\/types\/post"}],"author":[{"embeddable":true,"href":"https:\/\/www.lamanchette.be\/main\/wp-json\/wp\/v2\/users\/3"}],"replies":[{"embeddable":true,"href":"https:\/\/www.lamanchette.be\/main\/wp-json\/wp\/v2\/comments?post=6433"}],"version-history":[{"count":6,"href":"https:\/\/www.lamanchette.be\/main\/wp-json\/wp\/v2\/posts\/6433\/revisions"}],"predecessor-version":[{"id":6440,"href":"https:\/\/www.lamanchette.be\/main\/wp-json\/wp\/v2\/posts\/6433\/revisions\/6440"}],"wp:featuredmedia":[{"embeddable":true,"href":"https:\/\/www.lamanchette.be\/main\/wp-json\/wp\/v2\/media\/6434"}],"wp:attachment":[{"href":"https:\/\/www.lamanchette.be\/main\/wp-json\/wp\/v2\/media?parent=6433"}],"wp:term":[{"taxonomy":"category","embeddable":true,"href":"https:\/\/www.lamanchette.be\/main\/wp-json\/wp\/v2\/categories?post=6433"},{"taxonomy":"post_tag","embeddable":true,"href":"https:\/\/www.lamanchette.be\/main\/wp-json\/wp\/v2\/tags?post=6433"}],"curies":[{"name":"wp","href":"https:\/\/api.w.org\/{rel}","templated":true}]}}