{"id":8205,"date":"2017-12-16T16:18:17","date_gmt":"2017-12-16T15:18:17","guid":{"rendered":"http:\/\/www.lamanchette.be\/main\/?p=8205"},"modified":"2017-12-16T16:18:17","modified_gmt":"2017-12-16T15:18:17","slug":"edito-probleme-de-parking-a-bruxelles-pourquoi-pas-un-ecran-de-telejalonnement-a-chaque-rue","status":"publish","type":"post","link":"https:\/\/www.lamanchette.be\/main\/edito-probleme-de-parking-a-bruxelles-pourquoi-pas-un-ecran-de-telejalonnement-a-chaque-rue\/","title":{"rendered":"Edito : Probl\u00e8me de parking \u00e0 Bruxelles ? Pourquoi pas un \u00e9cran de t\u00e9l\u00e9jalonnement \u00e0 chaque rue !"},"content":{"rendered":"<p><span style=\"color: #000000; font-family: Calibri;\">Le probl\u00e8me infernal du stationnement \u00e0 Bruxelles notamment dans les communes en cible de Schaerbeek et de Saint-Josse n\u2019est malheureusement plus un secret pour personne. <\/span><\/p>\n<p><span style=\"color: #000000; font-family: Calibri;\">Trouver une solution pour enrayer ce ph\u00e9nom\u00e8ne est quasi impossible. Pourquoi\u00a0? C\u2019est tr\u00e8s simple, la d\u00e9mographie en constante augmentation dans ces communes impose ses cons\u00e9quences dans une soci\u00e9t\u00e9 toujours influenc\u00e9e par la consommation.<\/span><\/p>\n<p><span style=\"color: #000000; font-family: Calibri;\">Apr\u00e8s avoir \u00e9tabli les faits qui sont ind\u00e9niablement irr\u00e9m\u00e9diables, envisageons le cas d\u2019une solution parmi d\u2019autres. La question pos\u00e9e est d\u00e8s lors\u00a0:<\/span><\/p>\n<p><span style=\"color: #000000; font-family: Calibri;\">\u00ab\u00a0Vu qu\u2019il est impossible de cr\u00e9er des nouveaux emplacements de stationnements, quelle serait la solution pour faciliter la vie des automobilistes bruxellois\u00a0?\u00a0\u00bb<\/span><\/p>\n<p><span style=\"color: #000000; font-family: Calibri;\">Bon, il est vrai qu\u2019aucune diff\u00e9rentiation ne sera faite dans ce cas-ci entre voitures de riverains et voitures ventouses. Mais toujours est-il que des solutions doivent \u00eatre amen\u00e9es afin d\u2019\u00e9viter les interminables tours du bloc dans l\u2019espoir vil de constater un automobiliste lib\u00e9rer une place.<\/span><\/p>\n<p><span style=\"color: #000000; font-family: Calibri;\">Un ballet incessant de voitures se dessine tous les jours par des chauffeurs exacerb\u00e9s qui n\u2019ont que, pour seul objectif, l\u2019envie d\u2019arr\u00eater leur auto et de continuer le train-train quotidien. <\/span><\/p>\n<p><span style=\"color: #000000; font-family: Calibri;\">De surcro\u00eet, on peut all\u00e8grement pointer la s\u00e9curit\u00e9 routi\u00e8re mise \u00e0 mal par les r\u00e9actions impr\u00e9visibles de ces chauffards, du l\u2019usage st\u00e9rile de carburant, de la pollution inh\u00e9rente \u00e0 ce rituel de recherche et finalement de minimiser l\u2019espace entre le stationnement \u00e9loign\u00e9 par force et le point d\u2019impact initialement pr\u00e9vu.<\/span><\/p>\n<p><span style=\"color: #000000; font-family: Calibri;\">Dans ce contexte, le t\u00e9l\u00e9jalonnement pourrait se constituer en une piste de secours n\u00e9cessaire.<\/span><\/p>\n<p><span style=\"color: #000000; font-family: Calibri;\">Il s\u2019agit d\u2019un \u00e9cran affich\u00e9 \u00e0 chaque entr\u00e9e de rue ou de quartier indiquant le nombre de places disponibles qui pourrait annihiler ce ph\u00e9nom\u00e8ne d\u2019aller-retour vide de sens. <\/span><\/p>\n<p><span style=\"color: #000000; font-family: Calibri;\">Ce projet a d\u00e9j\u00e0 \u00e9t\u00e9 mis en vigueur dans certaines rues et aussi visibles dans quasi tous les parkings souterrains priv\u00e9s. <\/span><\/p>\n<p><span style=\"color: #000000; font-family: Calibri;\">Il serait effectivement futuriste d\u2019envisager ce luxe \u00e0 l\u2019\u00e9chelle d\u2019une ville et en milieu urbain mais ceci pourrait constituer d\u2019ores et d\u00e9j\u00e0 une solution qui a fait toutes ses preuves dans le milieu du parking priv\u00e9.<\/span><\/p>\n<p><span style=\"color: #000000; font-family: Calibri;\">Erkan Ozdemir \/ La Manchette <\/span><\/p>\n","protected":false},"excerpt":{"rendered":"<p>Le probl\u00e8me infernal du stationnement \u00e0 Bruxelles notamment dans les communes en cible de Schaerbeek et de Saint-Josse n\u2019est malheureusement<\/p>\n","protected":false},"author":3,"featured_media":8206,"comment_status":"open","ping_status":"open","sticky":false,"template":"","format":"standard","meta":{"colormag_page_container_layout":"default_layout","colormag_page_sidebar_layout":"default_layout","footnotes":""},"categories":[10,2,8],"tags":[2895],"class_list":["post-8205","post","type-post","status-publish","format-standard","has-post-thumbnail","hentry","category-agenda","category-belgique","category-cultures","tag-telejalonnement"],"yoast_head":"<!-- This site is optimized with the Yoast SEO plugin v28.4 - https:\/\/yoast.com\/product\/yoast-seo-wordpress\/ -->\n<title>Edito : Probl\u00e8me de parking \u00e0 Bruxelles ? Pourquoi pas un \u00e9cran de t\u00e9l\u00e9jalonnement \u00e0 chaque rue ! - La Manchette.be<\/title>\n<meta name=\"robots\" content=\"index, follow, max-snippet:-1, max-image-preview:large, max-video-preview:-1\" \/>\n<link rel=\"canonical\" href=\"https:\/\/www.lamanchette.be\/main\/edito-probleme-de-parking-a-bruxelles-pourquoi-pas-un-ecran-de-telejalonnement-a-chaque-rue\/\" \/>\n<meta property=\"og:locale\" content=\"fr_FR\" \/>\n<meta property=\"og:type\" content=\"article\" \/>\n<meta property=\"og:title\" content=\"Edito : Probl\u00e8me de parking \u00e0 Bruxelles ? Pourquoi pas un \u00e9cran de t\u00e9l\u00e9jalonnement \u00e0 chaque rue ! - La Manchette.be\" \/>\n<meta property=\"og:description\" content=\"Le probl\u00e8me infernal du stationnement \u00e0 Bruxelles notamment dans les communes en cible de Schaerbeek et de Saint-Josse n\u2019est malheureusement\" \/>\n<meta property=\"og:url\" content=\"https:\/\/www.lamanchette.be\/main\/edito-probleme-de-parking-a-bruxelles-pourquoi-pas-un-ecran-de-telejalonnement-a-chaque-rue\/\" \/>\n<meta property=\"og:site_name\" content=\"La Manchette.be\" \/>\n<meta property=\"article:publisher\" content=\"https:\/\/www.facebook.com\/lamanchette.be\/\" \/>\n<meta property=\"article:author\" content=\"https:\/\/www.facebook.com\/profile.php?id=100008475673376&amp;ref=bookmarks\" \/>\n<meta property=\"article:published_time\" content=\"2017-12-16T15:18:17+00:00\" \/>\n<meta property=\"og:image\" content=\"https:\/\/www.lamanchette.be\/main\/wp-content\/uploads\/2017\/12\/LACROIX_Trafic_Urbain_Signalisation_lumineuse_tricolore_Panneaux_jalonnement_parking_slider02.jpg\" \/>\n\t<meta property=\"og:image:width\" content=\"314\" \/>\n\t<meta property=\"og:image:height\" content=\"297\" \/>\n\t<meta property=\"og:image:type\" content=\"image\/jpeg\" \/>\n<meta name=\"author\" content=\"erkan ozdemir\" \/>\n<meta name=\"twitter:card\" content=\"summary_large_image\" \/>\n<meta name=\"twitter:label1\" content=\"\u00c9crit par\" \/>\n\t<meta name=\"twitter:data1\" content=\"erkan ozdemir\" \/>\n\t<meta name=\"twitter:label2\" content=\"Dur\u00e9e de lecture estim\u00e9e\" \/>\n\t<meta name=\"twitter:data2\" content=\"2 minutes\" \/>\n<script type=\"application\/ld+json\" class=\"yoast-schema-graph\">{\"@context\":\"https:\\\/\\\/schema.org\",\"@graph\":[{\"@type\":\"Article\",\"@id\":\"https:\\\/\\\/www.lamanchette.be\\\/main\\\/edito-probleme-de-parking-a-bruxelles-pourquoi-pas-un-ecran-de-telejalonnement-a-chaque-rue\\\/#article\",\"isPartOf\":{\"@id\":\"https:\\\/\\\/www.lamanchette.be\\\/main\\\/edito-probleme-de-parking-a-bruxelles-pourquoi-pas-un-ecran-de-telejalonnement-a-chaque-rue\\\/\"},\"author\":{\"name\":\"erkan ozdemir\",\"@id\":\"https:\\\/\\\/www.lamanchette.be\\\/main\\\/#\\\/schema\\\/person\\\/a7c51ee1e6ff7a2aef02bb01888816a4\"},\"headline\":\"Edito : Probl\u00e8me de parking \u00e0 Bruxelles ? Pourquoi pas un \u00e9cran de t\u00e9l\u00e9jalonnement \u00e0 chaque rue !\",\"datePublished\":\"2017-12-16T15:18:17+00:00\",\"mainEntityOfPage\":{\"@id\":\"https:\\\/\\\/www.lamanchette.be\\\/main\\\/edito-probleme-de-parking-a-bruxelles-pourquoi-pas-un-ecran-de-telejalonnement-a-chaque-rue\\\/\"},\"wordCount\":400,\"commentCount\":0,\"publisher\":{\"@id\":\"https:\\\/\\\/www.lamanchette.be\\\/main\\\/#organization\"},\"image\":{\"@id\":\"https:\\\/\\\/www.lamanchette.be\\\/main\\\/edito-probleme-de-parking-a-bruxelles-pourquoi-pas-un-ecran-de-telejalonnement-a-chaque-rue\\\/#primaryimage\"},\"thumbnailUrl\":\"https:\\\/\\\/www.lamanchette.be\\\/main\\\/wp-content\\\/uploads\\\/2017\\\/12\\\/LACROIX_Trafic_Urbain_Signalisation_lumineuse_tricolore_Panneaux_jalonnement_parking_slider02.jpg\",\"keywords\":[\"t\u00e9l\u00e9jalonnement\"],\"articleSection\":[\"Agenda\",\"Belgique\",\"Cultures\"],\"inLanguage\":\"fr-FR\",\"potentialAction\":[{\"@type\":\"CommentAction\",\"name\":\"Comment\",\"target\":[\"https:\\\/\\\/www.lamanchette.be\\\/main\\\/edito-probleme-de-parking-a-bruxelles-pourquoi-pas-un-ecran-de-telejalonnement-a-chaque-rue\\\/#respond\"]}]},{\"@type\":\"WebPage\",\"@id\":\"https:\\\/\\\/www.lamanchette.be\\\/main\\\/edito-probleme-de-parking-a-bruxelles-pourquoi-pas-un-ecran-de-telejalonnement-a-chaque-rue\\\/\",\"url\":\"https:\\\/\\\/www.lamanchette.be\\\/main\\\/edito-probleme-de-parking-a-bruxelles-pourquoi-pas-un-ecran-de-telejalonnement-a-chaque-rue\\\/\",\"name\":\"Edito : Probl\u00e8me de parking \u00e0 Bruxelles ? Pourquoi pas un \u00e9cran de t\u00e9l\u00e9jalonnement \u00e0 chaque rue ! - La Manchette.be\",\"isPartOf\":{\"@id\":\"https:\\\/\\\/www.lamanchette.be\\\/main\\\/#website\"},\"primaryImageOfPage\":{\"@id\":\"https:\\\/\\\/www.lamanchette.be\\\/main\\\/edito-probleme-de-parking-a-bruxelles-pourquoi-pas-un-ecran-de-telejalonnement-a-chaque-rue\\\/#primaryimage\"},\"image\":{\"@id\":\"https:\\\/\\\/www.lamanchette.be\\\/main\\\/edito-probleme-de-parking-a-bruxelles-pourquoi-pas-un-ecran-de-telejalonnement-a-chaque-rue\\\/#primaryimage\"},\"thumbnailUrl\":\"https:\\\/\\\/www.lamanchette.be\\\/main\\\/wp-content\\\/uploads\\\/2017\\\/12\\\/LACROIX_Trafic_Urbain_Signalisation_lumineuse_tricolore_Panneaux_jalonnement_parking_slider02.jpg\",\"datePublished\":\"2017-12-16T15:18:17+00:00\",\"breadcrumb\":{\"@id\":\"https:\\\/\\\/www.lamanchette.be\\\/main\\\/edito-probleme-de-parking-a-bruxelles-pourquoi-pas-un-ecran-de-telejalonnement-a-chaque-rue\\\/#breadcrumb\"},\"inLanguage\":\"fr-FR\",\"potentialAction\":[{\"@type\":\"ReadAction\",\"target\":[\"https:\\\/\\\/www.lamanchette.be\\\/main\\\/edito-probleme-de-parking-a-bruxelles-pourquoi-pas-un-ecran-de-telejalonnement-a-chaque-rue\\\/\"]}]},{\"@type\":\"ImageObject\",\"inLanguage\":\"fr-FR\",\"@id\":\"https:\\\/\\\/www.lamanchette.be\\\/main\\\/edito-probleme-de-parking-a-bruxelles-pourquoi-pas-un-ecran-de-telejalonnement-a-chaque-rue\\\/#primaryimage\",\"url\":\"https:\\\/\\\/www.lamanchette.be\\\/main\\\/wp-content\\\/uploads\\\/2017\\\/12\\\/LACROIX_Trafic_Urbain_Signalisation_lumineuse_tricolore_Panneaux_jalonnement_parking_slider02.jpg\",\"contentUrl\":\"https:\\\/\\\/www.lamanchette.be\\\/main\\\/wp-content\\\/uploads\\\/2017\\\/12\\\/LACROIX_Trafic_Urbain_Signalisation_lumineuse_tricolore_Panneaux_jalonnement_parking_slider02.jpg\",\"width\":314,\"height\":297},{\"@type\":\"BreadcrumbList\",\"@id\":\"https:\\\/\\\/www.lamanchette.be\\\/main\\\/edito-probleme-de-parking-a-bruxelles-pourquoi-pas-un-ecran-de-telejalonnement-a-chaque-rue\\\/#breadcrumb\",\"itemListElement\":[{\"@type\":\"ListItem\",\"position\":1,\"name\":\"Accueil\",\"item\":\"https:\\\/\\\/www.lamanchette.be\\\/main\\\/\"},{\"@type\":\"ListItem\",\"position\":2,\"name\":\"t\u00e9l\u00e9jalonnement\",\"item\":\"https:\\\/\\\/www.lamanchette.be\\\/main\\\/tag\\\/telejalonnement\\\/\"},{\"@type\":\"ListItem\",\"position\":3,\"name\":\"Edito : Probl\u00e8me de parking \u00e0 Bruxelles ? Pourquoi pas un \u00e9cran de t\u00e9l\u00e9jalonnement \u00e0 chaque rue !\"}]},{\"@type\":\"WebSite\",\"@id\":\"https:\\\/\\\/www.lamanchette.be\\\/main\\\/#website\",\"url\":\"https:\\\/\\\/www.lamanchette.be\\\/main\\\/\",\"name\":\"La Manchette.be\",\"description\":\"L&#039;actualit\u00e9 en belgique sous un angle diff\u00e9rent\",\"publisher\":{\"@id\":\"https:\\\/\\\/www.lamanchette.be\\\/main\\\/#organization\"},\"potentialAction\":[{\"@type\":\"SearchAction\",\"target\":{\"@type\":\"EntryPoint\",\"urlTemplate\":\"https:\\\/\\\/www.lamanchette.be\\\/main\\\/?s={search_term_string}\"},\"query-input\":{\"@type\":\"PropertyValueSpecification\",\"valueRequired\":true,\"valueName\":\"search_term_string\"}}],\"inLanguage\":\"fr-FR\"},{\"@type\":\"Organization\",\"@id\":\"https:\\\/\\\/www.lamanchette.be\\\/main\\\/#organization\",\"name\":\"La Manchette\",\"url\":\"https:\\\/\\\/www.lamanchette.be\\\/main\\\/\",\"logo\":{\"@type\":\"ImageObject\",\"inLanguage\":\"fr-FR\",\"@id\":\"https:\\\/\\\/www.lamanchette.be\\\/main\\\/#\\\/schema\\\/logo\\\/image\\\/\",\"url\":\"https:\\\/\\\/www.lamanchette.be\\\/main\\\/wp-content\\\/uploads\\\/2019\\\/01\\\/lamanchette02-e1552859149726.jpg\",\"contentUrl\":\"https:\\\/\\\/www.lamanchette.be\\\/main\\\/wp-content\\\/uploads\\\/2019\\\/01\\\/lamanchette02-e1552859149726.jpg\",\"width\":550,\"height\":190,\"caption\":\"La Manchette\"},\"image\":{\"@id\":\"https:\\\/\\\/www.lamanchette.be\\\/main\\\/#\\\/schema\\\/logo\\\/image\\\/\"},\"sameAs\":[\"https:\\\/\\\/www.facebook.com\\\/lamanchette.be\\\/\"]},{\"@type\":\"Person\",\"@id\":\"https:\\\/\\\/www.lamanchette.be\\\/main\\\/#\\\/schema\\\/person\\\/a7c51ee1e6ff7a2aef02bb01888816a4\",\"name\":\"erkan ozdemir\",\"image\":{\"@type\":\"ImageObject\",\"inLanguage\":\"fr-FR\",\"@id\":\"https:\\\/\\\/secure.gravatar.com\\\/avatar\\\/2f26abdd87d028735314b94c4ca45fd8c3f8e97edf30f973dbfcf66cf6daeb14?s=96&d=mm&r=g\",\"url\":\"https:\\\/\\\/secure.gravatar.com\\\/avatar\\\/2f26abdd87d028735314b94c4ca45fd8c3f8e97edf30f973dbfcf66cf6daeb14?s=96&d=mm&r=g\",\"contentUrl\":\"https:\\\/\\\/secure.gravatar.com\\\/avatar\\\/2f26abdd87d028735314b94c4ca45fd8c3f8e97edf30f973dbfcf66cf6daeb14?s=96&d=mm&r=g\",\"caption\":\"erkan ozdemir\"},\"sameAs\":[\"http:\\\/\\\/www.lamanchette.be\",\"https:\\\/\\\/www.facebook.com\\\/profile.php?id=100008475673376&ref=bookmarks\"]}]}<\/script>\n<!-- \/ Yoast SEO plugin. -->","yoast_head_json":{"title":"Edito : Probl\u00e8me de parking \u00e0 Bruxelles ? Pourquoi pas un \u00e9cran de t\u00e9l\u00e9jalonnement \u00e0 chaque rue ! - La Manchette.be","robots":{"index":"index","follow":"follow","max-snippet":"max-snippet:-1","max-image-preview":"max-image-preview:large","max-video-preview":"max-video-preview:-1"},"canonical":"https:\/\/www.lamanchette.be\/main\/edito-probleme-de-parking-a-bruxelles-pourquoi-pas-un-ecran-de-telejalonnement-a-chaque-rue\/","og_locale":"fr_FR","og_type":"article","og_title":"Edito : Probl\u00e8me de parking \u00e0 Bruxelles ? Pourquoi pas un \u00e9cran de t\u00e9l\u00e9jalonnement \u00e0 chaque rue ! - La Manchette.be","og_description":"Le probl\u00e8me infernal du stationnement \u00e0 Bruxelles notamment dans les communes en cible de Schaerbeek et de Saint-Josse n\u2019est malheureusement","og_url":"https:\/\/www.lamanchette.be\/main\/edito-probleme-de-parking-a-bruxelles-pourquoi-pas-un-ecran-de-telejalonnement-a-chaque-rue\/","og_site_name":"La Manchette.be","article_publisher":"https:\/\/www.facebook.com\/lamanchette.be\/","article_author":"https:\/\/www.facebook.com\/profile.php?id=100008475673376&ref=bookmarks","article_published_time":"2017-12-16T15:18:17+00:00","og_image":[{"width":314,"height":297,"url":"https:\/\/www.lamanchette.be\/main\/wp-content\/uploads\/2017\/12\/LACROIX_Trafic_Urbain_Signalisation_lumineuse_tricolore_Panneaux_jalonnement_parking_slider02.jpg","type":"image\/jpeg"}],"author":"erkan ozdemir","twitter_card":"summary_large_image","twitter_misc":{"\u00c9crit par":"erkan ozdemir","Dur\u00e9e de lecture estim\u00e9e":"2 minutes"},"schema":{"@context":"https:\/\/schema.org","@graph":[{"@type":"Article","@id":"https:\/\/www.lamanchette.be\/main\/edito-probleme-de-parking-a-bruxelles-pourquoi-pas-un-ecran-de-telejalonnement-a-chaque-rue\/#article","isPartOf":{"@id":"https:\/\/www.lamanchette.be\/main\/edito-probleme-de-parking-a-bruxelles-pourquoi-pas-un-ecran-de-telejalonnement-a-chaque-rue\/"},"author":{"name":"erkan ozdemir","@id":"https:\/\/www.lamanchette.be\/main\/#\/schema\/person\/a7c51ee1e6ff7a2aef02bb01888816a4"},"headline":"Edito : Probl\u00e8me de parking \u00e0 Bruxelles ? Pourquoi pas un \u00e9cran de t\u00e9l\u00e9jalonnement \u00e0 chaque rue !","datePublished":"2017-12-16T15:18:17+00:00","mainEntityOfPage":{"@id":"https:\/\/www.lamanchette.be\/main\/edito-probleme-de-parking-a-bruxelles-pourquoi-pas-un-ecran-de-telejalonnement-a-chaque-rue\/"},"wordCount":400,"commentCount":0,"publisher":{"@id":"https:\/\/www.lamanchette.be\/main\/#organization"},"image":{"@id":"https:\/\/www.lamanchette.be\/main\/edito-probleme-de-parking-a-bruxelles-pourquoi-pas-un-ecran-de-telejalonnement-a-chaque-rue\/#primaryimage"},"thumbnailUrl":"https:\/\/www.lamanchette.be\/main\/wp-content\/uploads\/2017\/12\/LACROIX_Trafic_Urbain_Signalisation_lumineuse_tricolore_Panneaux_jalonnement_parking_slider02.jpg","keywords":["t\u00e9l\u00e9jalonnement"],"articleSection":["Agenda","Belgique","Cultures"],"inLanguage":"fr-FR","potentialAction":[{"@type":"CommentAction","name":"Comment","target":["https:\/\/www.lamanchette.be\/main\/edito-probleme-de-parking-a-bruxelles-pourquoi-pas-un-ecran-de-telejalonnement-a-chaque-rue\/#respond"]}]},{"@type":"WebPage","@id":"https:\/\/www.lamanchette.be\/main\/edito-probleme-de-parking-a-bruxelles-pourquoi-pas-un-ecran-de-telejalonnement-a-chaque-rue\/","url":"https:\/\/www.lamanchette.be\/main\/edito-probleme-de-parking-a-bruxelles-pourquoi-pas-un-ecran-de-telejalonnement-a-chaque-rue\/","name":"Edito : Probl\u00e8me de parking \u00e0 Bruxelles ? Pourquoi pas un \u00e9cran de t\u00e9l\u00e9jalonnement \u00e0 chaque rue ! - La Manchette.be","isPartOf":{"@id":"https:\/\/www.lamanchette.be\/main\/#website"},"primaryImageOfPage":{"@id":"https:\/\/www.lamanchette.be\/main\/edito-probleme-de-parking-a-bruxelles-pourquoi-pas-un-ecran-de-telejalonnement-a-chaque-rue\/#primaryimage"},"image":{"@id":"https:\/\/www.lamanchette.be\/main\/edito-probleme-de-parking-a-bruxelles-pourquoi-pas-un-ecran-de-telejalonnement-a-chaque-rue\/#primaryimage"},"thumbnailUrl":"https:\/\/www.lamanchette.be\/main\/wp-content\/uploads\/2017\/12\/LACROIX_Trafic_Urbain_Signalisation_lumineuse_tricolore_Panneaux_jalonnement_parking_slider02.jpg","datePublished":"2017-12-16T15:18:17+00:00","breadcrumb":{"@id":"https:\/\/www.lamanchette.be\/main\/edito-probleme-de-parking-a-bruxelles-pourquoi-pas-un-ecran-de-telejalonnement-a-chaque-rue\/#breadcrumb"},"inLanguage":"fr-FR","potentialAction":[{"@type":"ReadAction","target":["https:\/\/www.lamanchette.be\/main\/edito-probleme-de-parking-a-bruxelles-pourquoi-pas-un-ecran-de-telejalonnement-a-chaque-rue\/"]}]},{"@type":"ImageObject","inLanguage":"fr-FR","@id":"https:\/\/www.lamanchette.be\/main\/edito-probleme-de-parking-a-bruxelles-pourquoi-pas-un-ecran-de-telejalonnement-a-chaque-rue\/#primaryimage","url":"https:\/\/www.lamanchette.be\/main\/wp-content\/uploads\/2017\/12\/LACROIX_Trafic_Urbain_Signalisation_lumineuse_tricolore_Panneaux_jalonnement_parking_slider02.jpg","contentUrl":"https:\/\/www.lamanchette.be\/main\/wp-content\/uploads\/2017\/12\/LACROIX_Trafic_Urbain_Signalisation_lumineuse_tricolore_Panneaux_jalonnement_parking_slider02.jpg","width":314,"height":297},{"@type":"BreadcrumbList","@id":"https:\/\/www.lamanchette.be\/main\/edito-probleme-de-parking-a-bruxelles-pourquoi-pas-un-ecran-de-telejalonnement-a-chaque-rue\/#breadcrumb","itemListElement":[{"@type":"ListItem","position":1,"name":"Accueil","item":"https:\/\/www.lamanchette.be\/main\/"},{"@type":"ListItem","position":2,"name":"t\u00e9l\u00e9jalonnement","item":"https:\/\/www.lamanchette.be\/main\/tag\/telejalonnement\/"},{"@type":"ListItem","position":3,"name":"Edito : Probl\u00e8me de parking \u00e0 Bruxelles ? Pourquoi pas un \u00e9cran de t\u00e9l\u00e9jalonnement \u00e0 chaque rue !"}]},{"@type":"WebSite","@id":"https:\/\/www.lamanchette.be\/main\/#website","url":"https:\/\/www.lamanchette.be\/main\/","name":"La Manchette.be","description":"L&#039;actualit\u00e9 en belgique sous un angle diff\u00e9rent","publisher":{"@id":"https:\/\/www.lamanchette.be\/main\/#organization"},"potentialAction":[{"@type":"SearchAction","target":{"@type":"EntryPoint","urlTemplate":"https:\/\/www.lamanchette.be\/main\/?s={search_term_string}"},"query-input":{"@type":"PropertyValueSpecification","valueRequired":true,"valueName":"search_term_string"}}],"inLanguage":"fr-FR"},{"@type":"Organization","@id":"https:\/\/www.lamanchette.be\/main\/#organization","name":"La Manchette","url":"https:\/\/www.lamanchette.be\/main\/","logo":{"@type":"ImageObject","inLanguage":"fr-FR","@id":"https:\/\/www.lamanchette.be\/main\/#\/schema\/logo\/image\/","url":"https:\/\/www.lamanchette.be\/main\/wp-content\/uploads\/2019\/01\/lamanchette02-e1552859149726.jpg","contentUrl":"https:\/\/www.lamanchette.be\/main\/wp-content\/uploads\/2019\/01\/lamanchette02-e1552859149726.jpg","width":550,"height":190,"caption":"La Manchette"},"image":{"@id":"https:\/\/www.lamanchette.be\/main\/#\/schema\/logo\/image\/"},"sameAs":["https:\/\/www.facebook.com\/lamanchette.be\/"]},{"@type":"Person","@id":"https:\/\/www.lamanchette.be\/main\/#\/schema\/person\/a7c51ee1e6ff7a2aef02bb01888816a4","name":"erkan ozdemir","image":{"@type":"ImageObject","inLanguage":"fr-FR","@id":"https:\/\/secure.gravatar.com\/avatar\/2f26abdd87d028735314b94c4ca45fd8c3f8e97edf30f973dbfcf66cf6daeb14?s=96&d=mm&r=g","url":"https:\/\/secure.gravatar.com\/avatar\/2f26abdd87d028735314b94c4ca45fd8c3f8e97edf30f973dbfcf66cf6daeb14?s=96&d=mm&r=g","contentUrl":"https:\/\/secure.gravatar.com\/avatar\/2f26abdd87d028735314b94c4ca45fd8c3f8e97edf30f973dbfcf66cf6daeb14?s=96&d=mm&r=g","caption":"erkan ozdemir"},"sameAs":["http:\/\/www.lamanchette.be","https:\/\/www.facebook.com\/profile.php?id=100008475673376&ref=bookmarks"]}]}},"_links":{"self":[{"href":"https:\/\/www.lamanchette.be\/main\/wp-json\/wp\/v2\/posts\/8205","targetHints":{"allow":["GET"]}}],"collection":[{"href":"https:\/\/www.lamanchette.be\/main\/wp-json\/wp\/v2\/posts"}],"about":[{"href":"https:\/\/www.lamanchette.be\/main\/wp-json\/wp\/v2\/types\/post"}],"author":[{"embeddable":true,"href":"https:\/\/www.lamanchette.be\/main\/wp-json\/wp\/v2\/users\/3"}],"replies":[{"embeddable":true,"href":"https:\/\/www.lamanchette.be\/main\/wp-json\/wp\/v2\/comments?post=8205"}],"version-history":[{"count":1,"href":"https:\/\/www.lamanchette.be\/main\/wp-json\/wp\/v2\/posts\/8205\/revisions"}],"predecessor-version":[{"id":8207,"href":"https:\/\/www.lamanchette.be\/main\/wp-json\/wp\/v2\/posts\/8205\/revisions\/8207"}],"wp:featuredmedia":[{"embeddable":true,"href":"https:\/\/www.lamanchette.be\/main\/wp-json\/wp\/v2\/media\/8206"}],"wp:attachment":[{"href":"https:\/\/www.lamanchette.be\/main\/wp-json\/wp\/v2\/media?parent=8205"}],"wp:term":[{"taxonomy":"category","embeddable":true,"href":"https:\/\/www.lamanchette.be\/main\/wp-json\/wp\/v2\/categories?post=8205"},{"taxonomy":"post_tag","embeddable":true,"href":"https:\/\/www.lamanchette.be\/main\/wp-json\/wp\/v2\/tags?post=8205"}],"curies":[{"name":"wp","href":"https:\/\/api.w.org\/{rel}","templated":true}]}}