{"id":860,"date":"2016-06-28T10:41:05","date_gmt":"2016-06-28T10:41:05","guid":{"rendered":"http:\/\/www.lamanchette.be\/main\/?p=860"},"modified":"2016-06-28T18:19:07","modified_gmt":"2016-06-28T18:19:07","slug":"la-normalisation-des-relations-turquie-israel-provoquera-une-hausse-de-lechange-commercial","status":"publish","type":"post","link":"https:\/\/www.lamanchette.be\/main\/la-normalisation-des-relations-turquie-israel-provoquera-une-hausse-de-lechange-commercial\/","title":{"rendered":"La normalisation des relations Turquie-Isra\u00ebl provoquera une hausse de l&rsquo;\u00e9change commercial"},"content":{"rendered":"<p>AA \u2013 Ankara \u2013 Nur G\u00fclsoy<\/p>\n<p>La normalisation des relations\u00a0entre la Turquie et Isra\u00ebl provoquera une augmentation du volume de l&rsquo;\u00e9change commercial entre les deux pays.<\/p>\n<p>Les autorit\u00e9s des deux pays ont entam\u00e9 des d\u00e9marches pour normaliser leurs relations, tendues depuis quelques ann\u00e9es. Un consensus a \u00e9t\u00e9 trouv\u00e9 dimanche et un m\u00e9morandum d&rsquo;entente sera sign\u00e9 mardi.<\/p>\n<p>Selon les informations recueillies par l&rsquo;Agence Anadolu, le volume commercial entre les deux pays \u00e9tait de 4,4 milliards de dollars en 2015.<\/p>\n<p>D&rsquo;apr\u00e8s les donn\u00e9es de l&rsquo;Institut turc des Statistiques (TUIK), la Turquie a pr\u00e9sent\u00e9 un exc\u00e9dent commercial par rapport \u00e0 Isra\u00ebl durant ces cinq derni\u00e8res ann\u00e9es. Les exportations de la\u00a0Turquie vers Isra\u00ebl ont ainsi augment\u00e9 de 13% pour atteindre 2,7 milliards de dollars. Par contre, ses importations \u00e0 partir d&rsquo;Isra\u00ebl ont baiss\u00e9 de 19% pour passer \u00e0 1,7 milliard de dollars.<\/p>\n<p>Les donn\u00e9es de 2015 d\u00e9montrent que la Turquie a vendu \u00e0 Isra\u00ebl principalement des v\u00e9hicules\u00a0motoris\u00e9s (464,8 millions de dollars), du fer et de l&rsquo;acier (324,7 millions de dollars) et des machines et appareils \u00e9lectriques (181,7 millions de dollars).<\/p>\n<p>En revanche, la Turquie a import\u00e9 d&rsquo;Isra\u00ebl surtout de l&rsquo;\u00e9nergie (898,3 millions de dollars), du plastique et ses d\u00e9riv\u00e9s (150,4 millions de dollars) et des machines (80,7 millions de dollars).<\/p>\n<p>Le nombre de touristes isra\u00e9liens accueillis en Turquie entre 2011 et 2015 a \u00e9t\u00e9 multipli\u00e9 par 2,8 pour atteindre 224 568 de touristes.<\/p>\n<p>Le pr\u00e9sident du Conseil d&rsquo;affaires Turquie-Isra\u00ebl du Comit\u00e9 des relations \u00e9conomiques ext\u00e9rieures (DEIK), Hasan Akcakayalioglu avait d\u00e9clar\u00e9, dans une interview \u00e0 l&rsquo;Agence Anadolu, que le volume commercial entre les deux pays pourra atteindre 7,5 milliards de dollars dans\u00a0deux ou trois ans.<\/p>\n","protected":false},"excerpt":{"rendered":"<p>AA \u2013 Ankara \u2013 Nur G\u00fclsoy La normalisation des relations\u00a0entre la Turquie et Isra\u00ebl provoquera une augmentation du volume de<\/p>\n","protected":false},"author":3,"featured_media":0,"comment_status":"open","ping_status":"open","sticky":false,"template":"","format":"standard","meta":{"colormag_page_container_layout":"default_layout","colormag_page_sidebar_layout":"default_layout","footnotes":""},"categories":[4],"tags":[568,567,565,566,459,563,460,564],"class_list":["post-860","post","type-post","status-publish","format-standard","hentry","category-economie","tag-comite-des-relations-economiques-exterieures","tag-deik","tag-echange-commercial","tag-hasan-akcakayalioglu","tag-institut-turc-des-statistiques","tag-normalisation-des-relations","tag-tuik","tag-turquie-israel"],"yoast_head":"<!-- This site is optimized with the Yoast SEO plugin v28.4 - https:\/\/yoast.com\/product\/yoast-seo-wordpress\/ -->\n<title>La normalisation des relations Turquie-Isra\u00ebl provoquera une hausse de l&#039;\u00e9change commercial - La Manchette.be<\/title>\n<meta name=\"robots\" content=\"index, follow, max-snippet:-1, max-image-preview:large, max-video-preview:-1\" \/>\n<link rel=\"canonical\" href=\"https:\/\/www.lamanchette.be\/main\/la-normalisation-des-relations-turquie-israel-provoquera-une-hausse-de-lechange-commercial\/\" \/>\n<meta property=\"og:locale\" content=\"fr_FR\" \/>\n<meta property=\"og:type\" content=\"article\" \/>\n<meta property=\"og:title\" content=\"La normalisation des relations Turquie-Isra\u00ebl provoquera une hausse de l&#039;\u00e9change commercial - La Manchette.be\" \/>\n<meta property=\"og:description\" content=\"AA \u2013 Ankara \u2013 Nur G\u00fclsoy La normalisation des relations\u00a0entre la Turquie et Isra\u00ebl provoquera une augmentation du volume de\" \/>\n<meta property=\"og:url\" content=\"https:\/\/www.lamanchette.be\/main\/la-normalisation-des-relations-turquie-israel-provoquera-une-hausse-de-lechange-commercial\/\" \/>\n<meta property=\"og:site_name\" content=\"La Manchette.be\" \/>\n<meta property=\"article:publisher\" content=\"https:\/\/www.facebook.com\/lamanchette.be\/\" \/>\n<meta property=\"article:author\" content=\"https:\/\/www.facebook.com\/profile.php?id=100008475673376&amp;ref=bookmarks\" \/>\n<meta property=\"article:published_time\" content=\"2016-06-28T10:41:05+00:00\" \/>\n<meta property=\"article:modified_time\" content=\"2016-06-28T18:19:07+00:00\" \/>\n<meta name=\"author\" content=\"erkan ozdemir\" \/>\n<meta name=\"twitter:card\" content=\"summary_large_image\" \/>\n<meta name=\"twitter:label1\" content=\"\u00c9crit par\" \/>\n\t<meta name=\"twitter:data1\" content=\"erkan ozdemir\" \/>\n\t<meta name=\"twitter:label2\" content=\"Dur\u00e9e de lecture estim\u00e9e\" \/>\n\t<meta name=\"twitter:data2\" content=\"1 minute\" \/>\n<script type=\"application\/ld+json\" class=\"yoast-schema-graph\">{\"@context\":\"https:\\\/\\\/schema.org\",\"@graph\":[{\"@type\":\"Article\",\"@id\":\"https:\\\/\\\/www.lamanchette.be\\\/main\\\/la-normalisation-des-relations-turquie-israel-provoquera-une-hausse-de-lechange-commercial\\\/#article\",\"isPartOf\":{\"@id\":\"https:\\\/\\\/www.lamanchette.be\\\/main\\\/la-normalisation-des-relations-turquie-israel-provoquera-une-hausse-de-lechange-commercial\\\/\"},\"author\":{\"name\":\"erkan ozdemir\",\"@id\":\"https:\\\/\\\/www.lamanchette.be\\\/main\\\/#\\\/schema\\\/person\\\/a7c51ee1e6ff7a2aef02bb01888816a4\"},\"headline\":\"La normalisation des relations Turquie-Isra\u00ebl provoquera une hausse de l&rsquo;\u00e9change commercial\",\"datePublished\":\"2016-06-28T10:41:05+00:00\",\"dateModified\":\"2016-06-28T18:19:07+00:00\",\"mainEntityOfPage\":{\"@id\":\"https:\\\/\\\/www.lamanchette.be\\\/main\\\/la-normalisation-des-relations-turquie-israel-provoquera-une-hausse-de-lechange-commercial\\\/\"},\"wordCount\":300,\"commentCount\":0,\"publisher\":{\"@id\":\"https:\\\/\\\/www.lamanchette.be\\\/main\\\/#organization\"},\"keywords\":[\"comite des relations economiques exterieures\",\"deik\",\"echange commercial\",\"Hasan Akcakayalioglu\",\"Institut turc des Statistiques\",\"normalisation des relations\",\"tuik\",\"turquie israel\"],\"articleSection\":[\"Economie\"],\"inLanguage\":\"fr-FR\",\"potentialAction\":[{\"@type\":\"CommentAction\",\"name\":\"Comment\",\"target\":[\"https:\\\/\\\/www.lamanchette.be\\\/main\\\/la-normalisation-des-relations-turquie-israel-provoquera-une-hausse-de-lechange-commercial\\\/#respond\"]}]},{\"@type\":\"WebPage\",\"@id\":\"https:\\\/\\\/www.lamanchette.be\\\/main\\\/la-normalisation-des-relations-turquie-israel-provoquera-une-hausse-de-lechange-commercial\\\/\",\"url\":\"https:\\\/\\\/www.lamanchette.be\\\/main\\\/la-normalisation-des-relations-turquie-israel-provoquera-une-hausse-de-lechange-commercial\\\/\",\"name\":\"La normalisation des relations Turquie-Isra\u00ebl provoquera une hausse de l'\u00e9change commercial - La Manchette.be\",\"isPartOf\":{\"@id\":\"https:\\\/\\\/www.lamanchette.be\\\/main\\\/#website\"},\"datePublished\":\"2016-06-28T10:41:05+00:00\",\"dateModified\":\"2016-06-28T18:19:07+00:00\",\"breadcrumb\":{\"@id\":\"https:\\\/\\\/www.lamanchette.be\\\/main\\\/la-normalisation-des-relations-turquie-israel-provoquera-une-hausse-de-lechange-commercial\\\/#breadcrumb\"},\"inLanguage\":\"fr-FR\",\"potentialAction\":[{\"@type\":\"ReadAction\",\"target\":[\"https:\\\/\\\/www.lamanchette.be\\\/main\\\/la-normalisation-des-relations-turquie-israel-provoquera-une-hausse-de-lechange-commercial\\\/\"]}]},{\"@type\":\"BreadcrumbList\",\"@id\":\"https:\\\/\\\/www.lamanchette.be\\\/main\\\/la-normalisation-des-relations-turquie-israel-provoquera-une-hausse-de-lechange-commercial\\\/#breadcrumb\",\"itemListElement\":[{\"@type\":\"ListItem\",\"position\":1,\"name\":\"Accueil\",\"item\":\"https:\\\/\\\/www.lamanchette.be\\\/main\\\/\"},{\"@type\":\"ListItem\",\"position\":2,\"name\":\"comite des relations economiques exterieures\",\"item\":\"https:\\\/\\\/www.lamanchette.be\\\/main\\\/tag\\\/comite-des-relations-economiques-exterieures\\\/\"},{\"@type\":\"ListItem\",\"position\":3,\"name\":\"La normalisation des relations Turquie-Isra\u00ebl provoquera une hausse de l&#8217;\u00e9change commercial\"}]},{\"@type\":\"WebSite\",\"@id\":\"https:\\\/\\\/www.lamanchette.be\\\/main\\\/#website\",\"url\":\"https:\\\/\\\/www.lamanchette.be\\\/main\\\/\",\"name\":\"La Manchette.be\",\"description\":\"L&#039;actualit\u00e9 en belgique sous un angle diff\u00e9rent\",\"publisher\":{\"@id\":\"https:\\\/\\\/www.lamanchette.be\\\/main\\\/#organization\"},\"potentialAction\":[{\"@type\":\"SearchAction\",\"target\":{\"@type\":\"EntryPoint\",\"urlTemplate\":\"https:\\\/\\\/www.lamanchette.be\\\/main\\\/?s={search_term_string}\"},\"query-input\":{\"@type\":\"PropertyValueSpecification\",\"valueRequired\":true,\"valueName\":\"search_term_string\"}}],\"inLanguage\":\"fr-FR\"},{\"@type\":\"Organization\",\"@id\":\"https:\\\/\\\/www.lamanchette.be\\\/main\\\/#organization\",\"name\":\"La Manchette\",\"url\":\"https:\\\/\\\/www.lamanchette.be\\\/main\\\/\",\"logo\":{\"@type\":\"ImageObject\",\"inLanguage\":\"fr-FR\",\"@id\":\"https:\\\/\\\/www.lamanchette.be\\\/main\\\/#\\\/schema\\\/logo\\\/image\\\/\",\"url\":\"https:\\\/\\\/www.lamanchette.be\\\/main\\\/wp-content\\\/uploads\\\/2019\\\/01\\\/lamanchette02-e1552859149726.jpg\",\"contentUrl\":\"https:\\\/\\\/www.lamanchette.be\\\/main\\\/wp-content\\\/uploads\\\/2019\\\/01\\\/lamanchette02-e1552859149726.jpg\",\"width\":550,\"height\":190,\"caption\":\"La Manchette\"},\"image\":{\"@id\":\"https:\\\/\\\/www.lamanchette.be\\\/main\\\/#\\\/schema\\\/logo\\\/image\\\/\"},\"sameAs\":[\"https:\\\/\\\/www.facebook.com\\\/lamanchette.be\\\/\"]},{\"@type\":\"Person\",\"@id\":\"https:\\\/\\\/www.lamanchette.be\\\/main\\\/#\\\/schema\\\/person\\\/a7c51ee1e6ff7a2aef02bb01888816a4\",\"name\":\"erkan ozdemir\",\"image\":{\"@type\":\"ImageObject\",\"inLanguage\":\"fr-FR\",\"@id\":\"https:\\\/\\\/secure.gravatar.com\\\/avatar\\\/2f26abdd87d028735314b94c4ca45fd8c3f8e97edf30f973dbfcf66cf6daeb14?s=96&d=mm&r=g\",\"url\":\"https:\\\/\\\/secure.gravatar.com\\\/avatar\\\/2f26abdd87d028735314b94c4ca45fd8c3f8e97edf30f973dbfcf66cf6daeb14?s=96&d=mm&r=g\",\"contentUrl\":\"https:\\\/\\\/secure.gravatar.com\\\/avatar\\\/2f26abdd87d028735314b94c4ca45fd8c3f8e97edf30f973dbfcf66cf6daeb14?s=96&d=mm&r=g\",\"caption\":\"erkan ozdemir\"},\"sameAs\":[\"http:\\\/\\\/www.lamanchette.be\",\"https:\\\/\\\/www.facebook.com\\\/profile.php?id=100008475673376&ref=bookmarks\"]}]}<\/script>\n<!-- \/ Yoast SEO plugin. -->","yoast_head_json":{"title":"La normalisation des relations Turquie-Isra\u00ebl provoquera une hausse de l'\u00e9change commercial - La Manchette.be","robots":{"index":"index","follow":"follow","max-snippet":"max-snippet:-1","max-image-preview":"max-image-preview:large","max-video-preview":"max-video-preview:-1"},"canonical":"https:\/\/www.lamanchette.be\/main\/la-normalisation-des-relations-turquie-israel-provoquera-une-hausse-de-lechange-commercial\/","og_locale":"fr_FR","og_type":"article","og_title":"La normalisation des relations Turquie-Isra\u00ebl provoquera une hausse de l'\u00e9change commercial - La Manchette.be","og_description":"AA \u2013 Ankara \u2013 Nur G\u00fclsoy La normalisation des relations\u00a0entre la Turquie et Isra\u00ebl provoquera une augmentation du volume de","og_url":"https:\/\/www.lamanchette.be\/main\/la-normalisation-des-relations-turquie-israel-provoquera-une-hausse-de-lechange-commercial\/","og_site_name":"La Manchette.be","article_publisher":"https:\/\/www.facebook.com\/lamanchette.be\/","article_author":"https:\/\/www.facebook.com\/profile.php?id=100008475673376&ref=bookmarks","article_published_time":"2016-06-28T10:41:05+00:00","article_modified_time":"2016-06-28T18:19:07+00:00","author":"erkan ozdemir","twitter_card":"summary_large_image","twitter_misc":{"\u00c9crit par":"erkan ozdemir","Dur\u00e9e de lecture estim\u00e9e":"1 minute"},"schema":{"@context":"https:\/\/schema.org","@graph":[{"@type":"Article","@id":"https:\/\/www.lamanchette.be\/main\/la-normalisation-des-relations-turquie-israel-provoquera-une-hausse-de-lechange-commercial\/#article","isPartOf":{"@id":"https:\/\/www.lamanchette.be\/main\/la-normalisation-des-relations-turquie-israel-provoquera-une-hausse-de-lechange-commercial\/"},"author":{"name":"erkan ozdemir","@id":"https:\/\/www.lamanchette.be\/main\/#\/schema\/person\/a7c51ee1e6ff7a2aef02bb01888816a4"},"headline":"La normalisation des relations Turquie-Isra\u00ebl provoquera une hausse de l&rsquo;\u00e9change commercial","datePublished":"2016-06-28T10:41:05+00:00","dateModified":"2016-06-28T18:19:07+00:00","mainEntityOfPage":{"@id":"https:\/\/www.lamanchette.be\/main\/la-normalisation-des-relations-turquie-israel-provoquera-une-hausse-de-lechange-commercial\/"},"wordCount":300,"commentCount":0,"publisher":{"@id":"https:\/\/www.lamanchette.be\/main\/#organization"},"keywords":["comite des relations economiques exterieures","deik","echange commercial","Hasan Akcakayalioglu","Institut turc des Statistiques","normalisation des relations","tuik","turquie israel"],"articleSection":["Economie"],"inLanguage":"fr-FR","potentialAction":[{"@type":"CommentAction","name":"Comment","target":["https:\/\/www.lamanchette.be\/main\/la-normalisation-des-relations-turquie-israel-provoquera-une-hausse-de-lechange-commercial\/#respond"]}]},{"@type":"WebPage","@id":"https:\/\/www.lamanchette.be\/main\/la-normalisation-des-relations-turquie-israel-provoquera-une-hausse-de-lechange-commercial\/","url":"https:\/\/www.lamanchette.be\/main\/la-normalisation-des-relations-turquie-israel-provoquera-une-hausse-de-lechange-commercial\/","name":"La normalisation des relations Turquie-Isra\u00ebl provoquera une hausse de l'\u00e9change commercial - La Manchette.be","isPartOf":{"@id":"https:\/\/www.lamanchette.be\/main\/#website"},"datePublished":"2016-06-28T10:41:05+00:00","dateModified":"2016-06-28T18:19:07+00:00","breadcrumb":{"@id":"https:\/\/www.lamanchette.be\/main\/la-normalisation-des-relations-turquie-israel-provoquera-une-hausse-de-lechange-commercial\/#breadcrumb"},"inLanguage":"fr-FR","potentialAction":[{"@type":"ReadAction","target":["https:\/\/www.lamanchette.be\/main\/la-normalisation-des-relations-turquie-israel-provoquera-une-hausse-de-lechange-commercial\/"]}]},{"@type":"BreadcrumbList","@id":"https:\/\/www.lamanchette.be\/main\/la-normalisation-des-relations-turquie-israel-provoquera-une-hausse-de-lechange-commercial\/#breadcrumb","itemListElement":[{"@type":"ListItem","position":1,"name":"Accueil","item":"https:\/\/www.lamanchette.be\/main\/"},{"@type":"ListItem","position":2,"name":"comite des relations economiques exterieures","item":"https:\/\/www.lamanchette.be\/main\/tag\/comite-des-relations-economiques-exterieures\/"},{"@type":"ListItem","position":3,"name":"La normalisation des relations Turquie-Isra\u00ebl provoquera une hausse de l&#8217;\u00e9change commercial"}]},{"@type":"WebSite","@id":"https:\/\/www.lamanchette.be\/main\/#website","url":"https:\/\/www.lamanchette.be\/main\/","name":"La Manchette.be","description":"L&#039;actualit\u00e9 en belgique sous un angle diff\u00e9rent","publisher":{"@id":"https:\/\/www.lamanchette.be\/main\/#organization"},"potentialAction":[{"@type":"SearchAction","target":{"@type":"EntryPoint","urlTemplate":"https:\/\/www.lamanchette.be\/main\/?s={search_term_string}"},"query-input":{"@type":"PropertyValueSpecification","valueRequired":true,"valueName":"search_term_string"}}],"inLanguage":"fr-FR"},{"@type":"Organization","@id":"https:\/\/www.lamanchette.be\/main\/#organization","name":"La Manchette","url":"https:\/\/www.lamanchette.be\/main\/","logo":{"@type":"ImageObject","inLanguage":"fr-FR","@id":"https:\/\/www.lamanchette.be\/main\/#\/schema\/logo\/image\/","url":"https:\/\/www.lamanchette.be\/main\/wp-content\/uploads\/2019\/01\/lamanchette02-e1552859149726.jpg","contentUrl":"https:\/\/www.lamanchette.be\/main\/wp-content\/uploads\/2019\/01\/lamanchette02-e1552859149726.jpg","width":550,"height":190,"caption":"La Manchette"},"image":{"@id":"https:\/\/www.lamanchette.be\/main\/#\/schema\/logo\/image\/"},"sameAs":["https:\/\/www.facebook.com\/lamanchette.be\/"]},{"@type":"Person","@id":"https:\/\/www.lamanchette.be\/main\/#\/schema\/person\/a7c51ee1e6ff7a2aef02bb01888816a4","name":"erkan ozdemir","image":{"@type":"ImageObject","inLanguage":"fr-FR","@id":"https:\/\/secure.gravatar.com\/avatar\/2f26abdd87d028735314b94c4ca45fd8c3f8e97edf30f973dbfcf66cf6daeb14?s=96&d=mm&r=g","url":"https:\/\/secure.gravatar.com\/avatar\/2f26abdd87d028735314b94c4ca45fd8c3f8e97edf30f973dbfcf66cf6daeb14?s=96&d=mm&r=g","contentUrl":"https:\/\/secure.gravatar.com\/avatar\/2f26abdd87d028735314b94c4ca45fd8c3f8e97edf30f973dbfcf66cf6daeb14?s=96&d=mm&r=g","caption":"erkan ozdemir"},"sameAs":["http:\/\/www.lamanchette.be","https:\/\/www.facebook.com\/profile.php?id=100008475673376&ref=bookmarks"]}]}},"_links":{"self":[{"href":"https:\/\/www.lamanchette.be\/main\/wp-json\/wp\/v2\/posts\/860","targetHints":{"allow":["GET"]}}],"collection":[{"href":"https:\/\/www.lamanchette.be\/main\/wp-json\/wp\/v2\/posts"}],"about":[{"href":"https:\/\/www.lamanchette.be\/main\/wp-json\/wp\/v2\/types\/post"}],"author":[{"embeddable":true,"href":"https:\/\/www.lamanchette.be\/main\/wp-json\/wp\/v2\/users\/3"}],"replies":[{"embeddable":true,"href":"https:\/\/www.lamanchette.be\/main\/wp-json\/wp\/v2\/comments?post=860"}],"version-history":[{"count":1,"href":"https:\/\/www.lamanchette.be\/main\/wp-json\/wp\/v2\/posts\/860\/revisions"}],"predecessor-version":[{"id":862,"href":"https:\/\/www.lamanchette.be\/main\/wp-json\/wp\/v2\/posts\/860\/revisions\/862"}],"wp:attachment":[{"href":"https:\/\/www.lamanchette.be\/main\/wp-json\/wp\/v2\/media?parent=860"}],"wp:term":[{"taxonomy":"category","embeddable":true,"href":"https:\/\/www.lamanchette.be\/main\/wp-json\/wp\/v2\/categories?post=860"},{"taxonomy":"post_tag","embeddable":true,"href":"https:\/\/www.lamanchette.be\/main\/wp-json\/wp\/v2\/tags?post=860"}],"curies":[{"name":"wp","href":"https:\/\/api.w.org\/{rel}","templated":true}]}}