{"id":964,"date":"2016-07-03T11:35:25","date_gmt":"2016-07-03T11:35:25","guid":{"rendered":"http:\/\/www.lamanchette.be\/main\/?p=964"},"modified":"2016-07-03T11:54:37","modified_gmt":"2016-07-03T11:54:37","slug":"vers-une-hausse-du-prix-du-baril-de-petrole-brent","status":"publish","type":"post","link":"https:\/\/www.lamanchette.be\/main\/vers-une-hausse-du-prix-du-baril-de-petrole-brent\/","title":{"rendered":"Vers une hausse du prix du baril de p\u00e9trole Brent"},"content":{"rendered":"<p>AA &#8211; Istanbul<\/p>\n<p>La chute du cours du baril de p\u00e9trole Brent qui avait \u00e9t\u00e9 particuli\u00e8rement observ\u00e9e dans la deuxi\u00e8me moiti\u00e9 de 2014, a continu\u00e9 \u00e0 \u00eatre observ\u00e9e en janvier 2016.<\/p>\n<p>Alors que le cours du baril de Brent \u00e9tait de 27,08 dollars en janvier 2016, soit le niveau le plus bas qu\u2019il avait atteint depuis 2003, il a augment\u00e9 \u00e0 50 dollars en mai 2016, en raison des d\u00e9veloppements survenus dans les pays producteurs de p\u00e9trole.<\/p>\n<p>Le cours du baril du p\u00e9trole Brent a atteint les 52 dollars en juin 2016. Cependant, avec la d\u00e9cision du Brexit au Royaume-Uni, le prix du p\u00e9trole a recul\u00e9 en dessous de 50 dollars.<\/p>\n<p>Par ailleurs, le cours du baril du p\u00e9trole Brent a cl\u00f4tur\u00e9 la premi\u00e8re moiti\u00e9 de 2016, avec une hausse de 32% de sa valeur.<\/p>\n<p>L\u2019analyse Thina Margrethe Saltyedt chez Nordea Markets, a indiqu\u00e9 \u00e0 l\u2019agence Anadolu que les estimations concernant le cours du baril du p\u00e9trole sont de 48 dollars \u00e0 la fin de cette ann\u00e9e, et que le prix du baril augmentera \u00e0 hauteur de 63 dollars l\u2019ann\u00e9e prochaine.<\/p>\n<p>\u00ab\u00a0Pour le dernier trimestre de cette ann\u00e9e, nous estimons que le p\u00e9trole Brent sera \u00e0 hauteur de 53 dollars\u00a0\u00bb,a-t-elle dit.<\/p>\n","protected":false},"excerpt":{"rendered":"<p>AA &#8211; Istanbul La chute du cours du baril de p\u00e9trole Brent qui avait \u00e9t\u00e9 particuli\u00e8rement observ\u00e9e dans la deuxi\u00e8me<\/p>\n","protected":false},"author":3,"featured_media":0,"comment_status":"open","ping_status":"open","sticky":false,"template":"","format":"standard","meta":{"colormag_page_container_layout":"default_layout","colormag_page_sidebar_layout":"default_layout","footnotes":""},"categories":[4],"tags":[694,695,121,698,696,173,697],"class_list":["post-964","post","type-post","status-publish","format-standard","hentry","category-economie","tag-baril-de-brent","tag-baril-de-petrole","tag-brexit","tag-nordea-markets","tag-prix-du-petrole","tag-royaume-uni","tag-thina-margrethe-saltyedt"],"yoast_head":"<!-- This site is optimized with the Yoast SEO plugin v28.4 - https:\/\/yoast.com\/product\/yoast-seo-wordpress\/ -->\n<title>Vers une hausse du prix du baril de p\u00e9trole Brent - La Manchette.be<\/title>\n<meta name=\"robots\" content=\"index, follow, max-snippet:-1, max-image-preview:large, max-video-preview:-1\" \/>\n<link rel=\"canonical\" href=\"https:\/\/www.lamanchette.be\/main\/vers-une-hausse-du-prix-du-baril-de-petrole-brent\/\" \/>\n<meta property=\"og:locale\" content=\"fr_FR\" \/>\n<meta property=\"og:type\" content=\"article\" \/>\n<meta property=\"og:title\" content=\"Vers une hausse du prix du baril de p\u00e9trole Brent - La Manchette.be\" \/>\n<meta property=\"og:description\" content=\"AA &#8211; Istanbul La chute du cours du baril de p\u00e9trole Brent qui avait \u00e9t\u00e9 particuli\u00e8rement observ\u00e9e dans la deuxi\u00e8me\" \/>\n<meta property=\"og:url\" content=\"https:\/\/www.lamanchette.be\/main\/vers-une-hausse-du-prix-du-baril-de-petrole-brent\/\" \/>\n<meta property=\"og:site_name\" content=\"La Manchette.be\" \/>\n<meta property=\"article:publisher\" content=\"https:\/\/www.facebook.com\/lamanchette.be\/\" \/>\n<meta property=\"article:author\" content=\"https:\/\/www.facebook.com\/profile.php?id=100008475673376&amp;ref=bookmarks\" \/>\n<meta property=\"article:published_time\" content=\"2016-07-03T11:35:25+00:00\" \/>\n<meta property=\"article:modified_time\" content=\"2016-07-03T11:54:37+00:00\" \/>\n<meta name=\"author\" content=\"erkan ozdemir\" \/>\n<meta name=\"twitter:card\" content=\"summary_large_image\" \/>\n<meta name=\"twitter:label1\" content=\"\u00c9crit par\" \/>\n\t<meta name=\"twitter:data1\" content=\"erkan ozdemir\" \/>\n\t<meta name=\"twitter:label2\" content=\"Dur\u00e9e de lecture estim\u00e9e\" \/>\n\t<meta name=\"twitter:data2\" content=\"1 minute\" \/>\n<script type=\"application\/ld+json\" class=\"yoast-schema-graph\">{\"@context\":\"https:\\\/\\\/schema.org\",\"@graph\":[{\"@type\":\"Article\",\"@id\":\"https:\\\/\\\/www.lamanchette.be\\\/main\\\/vers-une-hausse-du-prix-du-baril-de-petrole-brent\\\/#article\",\"isPartOf\":{\"@id\":\"https:\\\/\\\/www.lamanchette.be\\\/main\\\/vers-une-hausse-du-prix-du-baril-de-petrole-brent\\\/\"},\"author\":{\"name\":\"erkan ozdemir\",\"@id\":\"https:\\\/\\\/www.lamanchette.be\\\/main\\\/#\\\/schema\\\/person\\\/a7c51ee1e6ff7a2aef02bb01888816a4\"},\"headline\":\"Vers une hausse du prix du baril de p\u00e9trole Brent\",\"datePublished\":\"2016-07-03T11:35:25+00:00\",\"dateModified\":\"2016-07-03T11:54:37+00:00\",\"mainEntityOfPage\":{\"@id\":\"https:\\\/\\\/www.lamanchette.be\\\/main\\\/vers-une-hausse-du-prix-du-baril-de-petrole-brent\\\/\"},\"wordCount\":214,\"commentCount\":0,\"publisher\":{\"@id\":\"https:\\\/\\\/www.lamanchette.be\\\/main\\\/#organization\"},\"keywords\":[\"baril de brent\",\"baril de petrole\",\"brexit\",\"nordea markets\",\"prix du petrole\",\"royaume uni\",\"thina margrethe saltyedt\"],\"articleSection\":[\"Economie\"],\"inLanguage\":\"fr-FR\",\"potentialAction\":[{\"@type\":\"CommentAction\",\"name\":\"Comment\",\"target\":[\"https:\\\/\\\/www.lamanchette.be\\\/main\\\/vers-une-hausse-du-prix-du-baril-de-petrole-brent\\\/#respond\"]}]},{\"@type\":\"WebPage\",\"@id\":\"https:\\\/\\\/www.lamanchette.be\\\/main\\\/vers-une-hausse-du-prix-du-baril-de-petrole-brent\\\/\",\"url\":\"https:\\\/\\\/www.lamanchette.be\\\/main\\\/vers-une-hausse-du-prix-du-baril-de-petrole-brent\\\/\",\"name\":\"Vers une hausse du prix du baril de p\u00e9trole Brent - La Manchette.be\",\"isPartOf\":{\"@id\":\"https:\\\/\\\/www.lamanchette.be\\\/main\\\/#website\"},\"datePublished\":\"2016-07-03T11:35:25+00:00\",\"dateModified\":\"2016-07-03T11:54:37+00:00\",\"breadcrumb\":{\"@id\":\"https:\\\/\\\/www.lamanchette.be\\\/main\\\/vers-une-hausse-du-prix-du-baril-de-petrole-brent\\\/#breadcrumb\"},\"inLanguage\":\"fr-FR\",\"potentialAction\":[{\"@type\":\"ReadAction\",\"target\":[\"https:\\\/\\\/www.lamanchette.be\\\/main\\\/vers-une-hausse-du-prix-du-baril-de-petrole-brent\\\/\"]}]},{\"@type\":\"BreadcrumbList\",\"@id\":\"https:\\\/\\\/www.lamanchette.be\\\/main\\\/vers-une-hausse-du-prix-du-baril-de-petrole-brent\\\/#breadcrumb\",\"itemListElement\":[{\"@type\":\"ListItem\",\"position\":1,\"name\":\"Accueil\",\"item\":\"https:\\\/\\\/www.lamanchette.be\\\/main\\\/\"},{\"@type\":\"ListItem\",\"position\":2,\"name\":\"baril de brent\",\"item\":\"https:\\\/\\\/www.lamanchette.be\\\/main\\\/tag\\\/baril-de-brent\\\/\"},{\"@type\":\"ListItem\",\"position\":3,\"name\":\"Vers une hausse du prix du baril de p\u00e9trole Brent\"}]},{\"@type\":\"WebSite\",\"@id\":\"https:\\\/\\\/www.lamanchette.be\\\/main\\\/#website\",\"url\":\"https:\\\/\\\/www.lamanchette.be\\\/main\\\/\",\"name\":\"La Manchette.be\",\"description\":\"L&#039;actualit\u00e9 en belgique sous un angle diff\u00e9rent\",\"publisher\":{\"@id\":\"https:\\\/\\\/www.lamanchette.be\\\/main\\\/#organization\"},\"potentialAction\":[{\"@type\":\"SearchAction\",\"target\":{\"@type\":\"EntryPoint\",\"urlTemplate\":\"https:\\\/\\\/www.lamanchette.be\\\/main\\\/?s={search_term_string}\"},\"query-input\":{\"@type\":\"PropertyValueSpecification\",\"valueRequired\":true,\"valueName\":\"search_term_string\"}}],\"inLanguage\":\"fr-FR\"},{\"@type\":\"Organization\",\"@id\":\"https:\\\/\\\/www.lamanchette.be\\\/main\\\/#organization\",\"name\":\"La Manchette\",\"url\":\"https:\\\/\\\/www.lamanchette.be\\\/main\\\/\",\"logo\":{\"@type\":\"ImageObject\",\"inLanguage\":\"fr-FR\",\"@id\":\"https:\\\/\\\/www.lamanchette.be\\\/main\\\/#\\\/schema\\\/logo\\\/image\\\/\",\"url\":\"https:\\\/\\\/www.lamanchette.be\\\/main\\\/wp-content\\\/uploads\\\/2019\\\/01\\\/lamanchette02-e1552859149726.jpg\",\"contentUrl\":\"https:\\\/\\\/www.lamanchette.be\\\/main\\\/wp-content\\\/uploads\\\/2019\\\/01\\\/lamanchette02-e1552859149726.jpg\",\"width\":550,\"height\":190,\"caption\":\"La Manchette\"},\"image\":{\"@id\":\"https:\\\/\\\/www.lamanchette.be\\\/main\\\/#\\\/schema\\\/logo\\\/image\\\/\"},\"sameAs\":[\"https:\\\/\\\/www.facebook.com\\\/lamanchette.be\\\/\"]},{\"@type\":\"Person\",\"@id\":\"https:\\\/\\\/www.lamanchette.be\\\/main\\\/#\\\/schema\\\/person\\\/a7c51ee1e6ff7a2aef02bb01888816a4\",\"name\":\"erkan ozdemir\",\"image\":{\"@type\":\"ImageObject\",\"inLanguage\":\"fr-FR\",\"@id\":\"https:\\\/\\\/secure.gravatar.com\\\/avatar\\\/2f26abdd87d028735314b94c4ca45fd8c3f8e97edf30f973dbfcf66cf6daeb14?s=96&d=mm&r=g\",\"url\":\"https:\\\/\\\/secure.gravatar.com\\\/avatar\\\/2f26abdd87d028735314b94c4ca45fd8c3f8e97edf30f973dbfcf66cf6daeb14?s=96&d=mm&r=g\",\"contentUrl\":\"https:\\\/\\\/secure.gravatar.com\\\/avatar\\\/2f26abdd87d028735314b94c4ca45fd8c3f8e97edf30f973dbfcf66cf6daeb14?s=96&d=mm&r=g\",\"caption\":\"erkan ozdemir\"},\"sameAs\":[\"http:\\\/\\\/www.lamanchette.be\",\"https:\\\/\\\/www.facebook.com\\\/profile.php?id=100008475673376&ref=bookmarks\"]}]}<\/script>\n<!-- \/ Yoast SEO plugin. -->","yoast_head_json":{"title":"Vers une hausse du prix du baril de p\u00e9trole Brent - La Manchette.be","robots":{"index":"index","follow":"follow","max-snippet":"max-snippet:-1","max-image-preview":"max-image-preview:large","max-video-preview":"max-video-preview:-1"},"canonical":"https:\/\/www.lamanchette.be\/main\/vers-une-hausse-du-prix-du-baril-de-petrole-brent\/","og_locale":"fr_FR","og_type":"article","og_title":"Vers une hausse du prix du baril de p\u00e9trole Brent - La Manchette.be","og_description":"AA &#8211; Istanbul La chute du cours du baril de p\u00e9trole Brent qui avait \u00e9t\u00e9 particuli\u00e8rement observ\u00e9e dans la deuxi\u00e8me","og_url":"https:\/\/www.lamanchette.be\/main\/vers-une-hausse-du-prix-du-baril-de-petrole-brent\/","og_site_name":"La Manchette.be","article_publisher":"https:\/\/www.facebook.com\/lamanchette.be\/","article_author":"https:\/\/www.facebook.com\/profile.php?id=100008475673376&ref=bookmarks","article_published_time":"2016-07-03T11:35:25+00:00","article_modified_time":"2016-07-03T11:54:37+00:00","author":"erkan ozdemir","twitter_card":"summary_large_image","twitter_misc":{"\u00c9crit par":"erkan ozdemir","Dur\u00e9e de lecture estim\u00e9e":"1 minute"},"schema":{"@context":"https:\/\/schema.org","@graph":[{"@type":"Article","@id":"https:\/\/www.lamanchette.be\/main\/vers-une-hausse-du-prix-du-baril-de-petrole-brent\/#article","isPartOf":{"@id":"https:\/\/www.lamanchette.be\/main\/vers-une-hausse-du-prix-du-baril-de-petrole-brent\/"},"author":{"name":"erkan ozdemir","@id":"https:\/\/www.lamanchette.be\/main\/#\/schema\/person\/a7c51ee1e6ff7a2aef02bb01888816a4"},"headline":"Vers une hausse du prix du baril de p\u00e9trole Brent","datePublished":"2016-07-03T11:35:25+00:00","dateModified":"2016-07-03T11:54:37+00:00","mainEntityOfPage":{"@id":"https:\/\/www.lamanchette.be\/main\/vers-une-hausse-du-prix-du-baril-de-petrole-brent\/"},"wordCount":214,"commentCount":0,"publisher":{"@id":"https:\/\/www.lamanchette.be\/main\/#organization"},"keywords":["baril de brent","baril de petrole","brexit","nordea markets","prix du petrole","royaume uni","thina margrethe saltyedt"],"articleSection":["Economie"],"inLanguage":"fr-FR","potentialAction":[{"@type":"CommentAction","name":"Comment","target":["https:\/\/www.lamanchette.be\/main\/vers-une-hausse-du-prix-du-baril-de-petrole-brent\/#respond"]}]},{"@type":"WebPage","@id":"https:\/\/www.lamanchette.be\/main\/vers-une-hausse-du-prix-du-baril-de-petrole-brent\/","url":"https:\/\/www.lamanchette.be\/main\/vers-une-hausse-du-prix-du-baril-de-petrole-brent\/","name":"Vers une hausse du prix du baril de p\u00e9trole Brent - La Manchette.be","isPartOf":{"@id":"https:\/\/www.lamanchette.be\/main\/#website"},"datePublished":"2016-07-03T11:35:25+00:00","dateModified":"2016-07-03T11:54:37+00:00","breadcrumb":{"@id":"https:\/\/www.lamanchette.be\/main\/vers-une-hausse-du-prix-du-baril-de-petrole-brent\/#breadcrumb"},"inLanguage":"fr-FR","potentialAction":[{"@type":"ReadAction","target":["https:\/\/www.lamanchette.be\/main\/vers-une-hausse-du-prix-du-baril-de-petrole-brent\/"]}]},{"@type":"BreadcrumbList","@id":"https:\/\/www.lamanchette.be\/main\/vers-une-hausse-du-prix-du-baril-de-petrole-brent\/#breadcrumb","itemListElement":[{"@type":"ListItem","position":1,"name":"Accueil","item":"https:\/\/www.lamanchette.be\/main\/"},{"@type":"ListItem","position":2,"name":"baril de brent","item":"https:\/\/www.lamanchette.be\/main\/tag\/baril-de-brent\/"},{"@type":"ListItem","position":3,"name":"Vers une hausse du prix du baril de p\u00e9trole Brent"}]},{"@type":"WebSite","@id":"https:\/\/www.lamanchette.be\/main\/#website","url":"https:\/\/www.lamanchette.be\/main\/","name":"La Manchette.be","description":"L&#039;actualit\u00e9 en belgique sous un angle diff\u00e9rent","publisher":{"@id":"https:\/\/www.lamanchette.be\/main\/#organization"},"potentialAction":[{"@type":"SearchAction","target":{"@type":"EntryPoint","urlTemplate":"https:\/\/www.lamanchette.be\/main\/?s={search_term_string}"},"query-input":{"@type":"PropertyValueSpecification","valueRequired":true,"valueName":"search_term_string"}}],"inLanguage":"fr-FR"},{"@type":"Organization","@id":"https:\/\/www.lamanchette.be\/main\/#organization","name":"La Manchette","url":"https:\/\/www.lamanchette.be\/main\/","logo":{"@type":"ImageObject","inLanguage":"fr-FR","@id":"https:\/\/www.lamanchette.be\/main\/#\/schema\/logo\/image\/","url":"https:\/\/www.lamanchette.be\/main\/wp-content\/uploads\/2019\/01\/lamanchette02-e1552859149726.jpg","contentUrl":"https:\/\/www.lamanchette.be\/main\/wp-content\/uploads\/2019\/01\/lamanchette02-e1552859149726.jpg","width":550,"height":190,"caption":"La Manchette"},"image":{"@id":"https:\/\/www.lamanchette.be\/main\/#\/schema\/logo\/image\/"},"sameAs":["https:\/\/www.facebook.com\/lamanchette.be\/"]},{"@type":"Person","@id":"https:\/\/www.lamanchette.be\/main\/#\/schema\/person\/a7c51ee1e6ff7a2aef02bb01888816a4","name":"erkan ozdemir","image":{"@type":"ImageObject","inLanguage":"fr-FR","@id":"https:\/\/secure.gravatar.com\/avatar\/2f26abdd87d028735314b94c4ca45fd8c3f8e97edf30f973dbfcf66cf6daeb14?s=96&d=mm&r=g","url":"https:\/\/secure.gravatar.com\/avatar\/2f26abdd87d028735314b94c4ca45fd8c3f8e97edf30f973dbfcf66cf6daeb14?s=96&d=mm&r=g","contentUrl":"https:\/\/secure.gravatar.com\/avatar\/2f26abdd87d028735314b94c4ca45fd8c3f8e97edf30f973dbfcf66cf6daeb14?s=96&d=mm&r=g","caption":"erkan ozdemir"},"sameAs":["http:\/\/www.lamanchette.be","https:\/\/www.facebook.com\/profile.php?id=100008475673376&ref=bookmarks"]}]}},"_links":{"self":[{"href":"https:\/\/www.lamanchette.be\/main\/wp-json\/wp\/v2\/posts\/964","targetHints":{"allow":["GET"]}}],"collection":[{"href":"https:\/\/www.lamanchette.be\/main\/wp-json\/wp\/v2\/posts"}],"about":[{"href":"https:\/\/www.lamanchette.be\/main\/wp-json\/wp\/v2\/types\/post"}],"author":[{"embeddable":true,"href":"https:\/\/www.lamanchette.be\/main\/wp-json\/wp\/v2\/users\/3"}],"replies":[{"embeddable":true,"href":"https:\/\/www.lamanchette.be\/main\/wp-json\/wp\/v2\/comments?post=964"}],"version-history":[{"count":1,"href":"https:\/\/www.lamanchette.be\/main\/wp-json\/wp\/v2\/posts\/964\/revisions"}],"predecessor-version":[{"id":966,"href":"https:\/\/www.lamanchette.be\/main\/wp-json\/wp\/v2\/posts\/964\/revisions\/966"}],"wp:attachment":[{"href":"https:\/\/www.lamanchette.be\/main\/wp-json\/wp\/v2\/media?parent=964"}],"wp:term":[{"taxonomy":"category","embeddable":true,"href":"https:\/\/www.lamanchette.be\/main\/wp-json\/wp\/v2\/categories?post=964"},{"taxonomy":"post_tag","embeddable":true,"href":"https:\/\/www.lamanchette.be\/main\/wp-json\/wp\/v2\/tags?post=964"}],"curies":[{"name":"wp","href":"https:\/\/api.w.org\/{rel}","templated":true}]}}